{"id":2145,"date":"2018-07-02T18:11:04","date_gmt":"2018-07-02T18:11:04","guid":{"rendered":"http:\/\/capc.com.pt\/site\/?p=2145"},"modified":"2020-03-11T12:48:40","modified_gmt":"2020-03-11T12:48:40","slug":"alternativa-zero-e-ernesto-de-sousa-apresentacao-em-coimbra-da-revista-oei","status":"publish","type":"post","link":"http:\/\/capc.com.pt\/site\/index.php\/alternativa-zero-e-ernesto-de-sousa-apresentacao-em-coimbra-da-revista-oei\/","title":{"rendered":"<b>Apresenta\u00e7\u00e3o em Coimbra da revista OEI<\/b>"},"content":{"rendered":"<div class=\"gmail_default\">\n<p>\u200bD\u200bepois do <a href=\"https:\/\/www.maat.pt\/pt\/programas-e-eventos\/lancamento-da-publicacao-oei-80-81-zero-alternative-ernesto-de-sousa-and-some\">MAAT <\/a>e <a href=\"https:\/\/www.serralves.pt\/pt\/actividades\/lancamento-da-publicacao-oei-80-81-2018-the-zero-alternative-ernesto-de-sousa-and-some-other-aesthetic-operators-in-portuguese-art-and-poetry-from-the-1960s-onwards\/\">Serralves<\/a>, a edi\u00e7\u00e3o especial de uma publica\u00e7\u00e3o sueca que toma a obra de Ernesto de Sousa como eixo para refletir sobre a arte portuguesa de 1960 a 1980 tinha necessariamente de passar pelo C\u00edrculo de Artes Pl\u00e1sticas em Coimbra.<\/p>\n<p><a href=\"http:\/\/capc.com.pt\/site\/wp-content\/uploads\/2018\/07\/OEI80-81.jpg\"><img decoding=\"async\" loading=\"lazy\" class=\"alignnone size-full wp-image-2146\" src=\"http:\/\/capc.com.pt\/site\/wp-content\/uploads\/2018\/07\/OEI80-81.jpg\" alt=\"OEI80-81\" width=\"1191\" height=\"930\" srcset=\"http:\/\/capc.com.pt\/site\/wp-content\/uploads\/2018\/07\/OEI80-81.jpg 1191w, http:\/\/capc.com.pt\/site\/wp-content\/uploads\/2018\/07\/OEI80-81-300x234.jpg 300w, http:\/\/capc.com.pt\/site\/wp-content\/uploads\/2018\/07\/OEI80-81-1024x800.jpg 1024w\" sizes=\"(max-width: 1191px) 100vw, 1191px\" \/><\/a><\/p>\n<p>O C\u00edrculo de Artes Pl\u00e1sticas de Coimbra (CAPC) acolhe o lan\u00e7amento da edi\u00e7\u00e3o de 2018 da revista OEI # 80\u201381 no pr\u00f3ximo dia 4 de julho, quarta-feira, pelas 18 horas. A iniciativa, que conta com a presen\u00e7a de Hugo Canoilas, Cecilia Gr\u00f6nberg, Jonas (J) Magnusson e Rui Torres, decorrer\u00e1 no Audit\u00f3rio do C\u00edrculo Sereia. A entrada \u00e9 livre.<\/p>\n<p>Ao longo de 640 p\u00e1ginas, o mais recente n\u00famero da revista OEI, um projeto art\u00edstico e liter\u00e1rio sediado em Estocolmo, toma a obra de Ernesto de Sousa (1921\u20131998) como eixo para uma antologia sobre a arte portuguesa de 1960 a 1980. Esta publica\u00e7\u00e3o, que tem como editores Jonas (J) Magnusson e&nbsp; Cecilia Gr\u00f6nberg, e como editores associados, Hugo Canoilas e Tobi Maier. re\u00fane as contribui\u00e7\u00f5es de v\u00e1rios artistas e autores, incluindo uma s\u00e9rie de novos ensaios, tradu\u00e7\u00f5es e material de arquivo.<\/p>\n<p>Recorde-se que a liga\u00e7\u00e3o de Ernesto de Sousa ao CAPC \u00e9 m\u00faltipla, desde a proposta a partir de uma ideia de Robert Filliou da comemora\u00e7\u00e3o do Anivers\u00e1rio da Arte, passando pela cria\u00e7\u00e3o de instala\u00e7\u00f5es como Olympia (1979) e Pre Texto(1981 e 1982), \u00e0 inclus\u00e3o recente do seu trabalho na bienal Anozero.<\/p>\n<p>A revista que, conforme indica o t\u00edtulo,<em> The zero alternative: Ernesto de Sousa and some other aesthetic operators in Portuguese art and poetry from the 1960s onwards<\/em>, tem como ponto de partida a obra do cineasta, fot\u00f3grafo, curador, cr\u00edtico, escritor, investigador de arte, aborda ainda as pr\u00e1ticas de outros operadores est\u00e9ticos(designa\u00e7\u00e3o que preferia \u00e0 de artistas) seus contempor\u00e2neos na arte e poesia.<\/p>\n<p>Assim, para l\u00e1 de Ernesto de Sousa, tamb\u00e9m Alberto Carneiro, \u00c1lvaro Lapa, Ana Hatherly, Ana Vieira, Ant\u00f3nio Barros, E.M. de Melo e Castro, Fernando Calhau, Lourdes Castro e T\u00falia Saldanha s\u00e3o referidos numa cole\u00e7\u00e3o com v\u00e1rios nomes que se cruzam na hist\u00f3ria do pr\u00f3prio CAPC.<\/p>\n<p>Acolher esta iniciativa no momento em que comemora 60 anos, serve assim para refor\u00e7ar a reflex\u00e3o da import\u00e2ncia do seu papel, enquanto mais antiga institui\u00e7\u00e3o nacional dedicada \u00e0 promo\u00e7\u00e3o da arte contempor\u00e2nea que, com seis d\u00e9cadas de trabalho na \u00e1rea da cria\u00e7\u00e3o e da programa\u00e7\u00e3o, procura sempre sensibilizar e interessar os mais diversos p\u00fablicos para a arte e cultura do nosso tempo.<\/p>\n<\/div>\n","protected":false},"excerpt":{"rendered":"<p>\u200bD\u200bepois do MAAT e Serralves, a edi\u00e7\u00e3o especial de uma publica\u00e7\u00e3o sueca que toma a obra de Ernesto de Sousa como eixo para refletir sobre a arte portuguesa de 1960 a 1980 tinha necessariamente de passar pelo C\u00edrculo de Artes Pl\u00e1sticas em Coimbra. O C\u00edrculo de Artes Pl\u00e1sticas de Coimbra (CAPC) acolhe o lan\u00e7amento da [&hellip;]<\/p>\n","protected":false},"author":2,"featured_media":2151,"comment_status":"open","ping_status":"open","sticky":false,"template":"","format":"standard","meta":[],"categories":[45],"tags":[],"_links":{"self":[{"href":"http:\/\/capc.com.pt\/site\/index.php\/wp-json\/wp\/v2\/posts\/2145"}],"collection":[{"href":"http:\/\/capc.com.pt\/site\/index.php\/wp-json\/wp\/v2\/posts"}],"about":[{"href":"http:\/\/capc.com.pt\/site\/index.php\/wp-json\/wp\/v2\/types\/post"}],"author":[{"embeddable":true,"href":"http:\/\/capc.com.pt\/site\/index.php\/wp-json\/wp\/v2\/users\/2"}],"replies":[{"embeddable":true,"href":"http:\/\/capc.com.pt\/site\/index.php\/wp-json\/wp\/v2\/comments?post=2145"}],"version-history":[{"count":6,"href":"http:\/\/capc.com.pt\/site\/index.php\/wp-json\/wp\/v2\/posts\/2145\/revisions"}],"predecessor-version":[{"id":3336,"href":"http:\/\/capc.com.pt\/site\/index.php\/wp-json\/wp\/v2\/posts\/2145\/revisions\/3336"}],"wp:featuredmedia":[{"embeddable":true,"href":"http:\/\/capc.com.pt\/site\/index.php\/wp-json\/wp\/v2\/media\/2151"}],"wp:attachment":[{"href":"http:\/\/capc.com.pt\/site\/index.php\/wp-json\/wp\/v2\/media?parent=2145"}],"wp:term":[{"taxonomy":"category","embeddable":true,"href":"http:\/\/capc.com.pt\/site\/index.php\/wp-json\/wp\/v2\/categories?post=2145"},{"taxonomy":"post_tag","embeddable":true,"href":"http:\/\/capc.com.pt\/site\/index.php\/wp-json\/wp\/v2\/tags?post=2145"}],"curies":[{"name":"wp","href":"https:\/\/api.w.org\/{rel}","templated":true}]}}