{"id":2162,"date":"2018-07-16T15:35:27","date_gmt":"2018-07-16T15:35:27","guid":{"rendered":"http:\/\/capc.com.pt\/site\/?p=2162"},"modified":"2020-03-11T12:49:19","modified_gmt":"2020-03-11T12:49:19","slug":"riscos-escopicos","status":"publish","type":"post","link":"http:\/\/capc.com.pt\/site\/index.php\/riscos-escopicos\/","title":{"rendered":"<b>Riscos Esc\u00f3picos<\/b><br>Vanda Madureira e Andr\u00e9 Feitosa"},"content":{"rendered":"<p><span style=\"font-weight: 400;\"><a href=\"http:\/\/capc.com.pt\/site\/wp-content\/uploads\/2018\/07\/cartaz_CAPC_RiscosEscopicos_18Jul18.jpg\"><img decoding=\"async\" loading=\"lazy\" class=\"alignnone size-full wp-image-2164\" src=\"http:\/\/capc.com.pt\/site\/wp-content\/uploads\/2018\/07\/cartaz_CAPC_RiscosEscopicos_18Jul18.jpg\" alt=\"cartaz_CAPC_RiscosEscopicos_18Jul18\" width=\"1123\" height=\"1587\" srcset=\"http:\/\/capc.com.pt\/site\/wp-content\/uploads\/2018\/07\/cartaz_CAPC_RiscosEscopicos_18Jul18.jpg 1123w, http:\/\/capc.com.pt\/site\/wp-content\/uploads\/2018\/07\/cartaz_CAPC_RiscosEscopicos_18Jul18-212x300.jpg 212w, http:\/\/capc.com.pt\/site\/wp-content\/uploads\/2018\/07\/cartaz_CAPC_RiscosEscopicos_18Jul18-725x1024.jpg 725w\" sizes=\"(max-width: 1123px) 100vw, 1123px\" \/><\/a><\/span><\/p>\n<p>&nbsp;<\/p>\n<p><span style=\"font-weight: 400;\">RISCOS ESC\u00d3PICOS<\/span><span style=\"font-weight: 400;\">: uma parceria de Vanda Madureira e Andr\u00e9 Feitosa, artistas e doutorandos do Col\u00e9gio das Artes da Universidade de Coimbra.<\/span><\/p>\n<p>&nbsp;<\/p>\n<p><span style=\"font-weight: 400;\">A proposta do evento surge no decurso da resid\u00eancia art\u00edstica <\/span><i><span style=\"font-weight: 400;\">Convoca\u00e7\u00f5es do Inef\u00e1vel<\/span><\/i><span style=\"font-weight: 400;\">, realizada em julho de 2018 no Col\u00e9gio das Artes da UC e promovida pelo Charco Atl\u00e2ntico.<\/span><\/p>\n<p>&nbsp;<\/p>\n<p><span style=\"font-weight: 400;\">Parte I \u2013 Desenho de A\u00e7\u00e3o (30 minutos)<\/span><\/p>\n<p><span style=\"font-weight: 400;\">Apresenta\u00e7\u00e3o \u2013 Vanda Madureira<\/span><\/p>\n<p><span style=\"font-weight: 400;\">Apresenta\u00e7\u00e3o dialogada de cinco experimentos recentes da artista Vanda Madureira, tr\u00eas em formato de v\u00eddeo (Tespo, 2017; <\/span><i><span style=\"font-weight: 400;\">Tribuo, <\/span><\/i><span style=\"font-weight: 400;\">2018;<\/span><i><span style=\"font-weight: 400;\"> Adumbratio possibilitas, <\/span><\/i><span style=\"font-weight: 400;\">2018), um como registo fotogr\u00e1fico (<\/span><i><span style=\"font-weight: 400;\">Adumbratio tractos, <\/span><\/i><span style=\"font-weight: 400;\">2018<\/span><i><span style=\"font-weight: 400;\">) <\/span><\/i><span style=\"font-weight: 400;\">e uma narrativa acerca do vest\u00edgio de um desenho-em-curso (<\/span><i><span style=\"font-weight: 400;\">Olea prunus<\/span><\/i><span style=\"font-weight: 400;\">, 2018). <\/span><\/p>\n<p>&nbsp;<\/p>\n<p><span style=\"font-weight: 400;\">Parte II \u2013 Desenho de Conceito (30 minutos)<\/span><\/p>\n<p><span style=\"font-weight: 400;\">Apresenta\u00e7\u00e3o \u2013 Andr\u00e9 Feitosa <\/span><\/p>\n<p><span style=\"font-weight: 400;\">Inspirado nos ensaios <\/span><i><span style=\"font-weight: 400;\">A Pot\u00eancia do Pensamento<\/span><\/i><span style=\"font-weight: 400;\"> e <\/span><i><span style=\"font-weight: 400;\">O Que \u00e9 o Contempor\u00e2neo<\/span><\/i><span style=\"font-weight: 400;\">, de Giorgio Agamben, prop\u00f5e-se uma interface de leitura sobre os cinco experimentos apresentados, desdobrando uma formula\u00e7\u00e3o particular no campo do desenho enquanto \u00abacto de uma presen\u00e7a privativa\u00bb, ou insist\u00eancia que mant\u00e9m a sombra no atual. &nbsp;Essa opera\u00e7\u00e3o do desenho como pot\u00eancia implica uma disponibilidade de n\u00e3o-ver ou do vis\u00edvel como textura da impot\u00eancia no ato do desenho. <\/span><\/p>\n<p>&nbsp;<\/p>\n<p><span style=\"font-weight: 400;\">Debate (30 minutos)<\/span><\/p>\n<p>&nbsp;<\/p>\n","protected":false},"excerpt":{"rendered":"<p>&nbsp; RISCOS ESC\u00d3PICOS: uma parceria de Vanda Madureira e Andr\u00e9 Feitosa, artistas e doutorandos do Col\u00e9gio das Artes da Universidade de Coimbra. &nbsp; A proposta do evento surge no decurso da resid\u00eancia art\u00edstica Convoca\u00e7\u00f5es do Inef\u00e1vel, realizada em julho de 2018 no Col\u00e9gio das Artes da UC e promovida pelo Charco Atl\u00e2ntico. &nbsp; Parte I [&hellip;]<\/p>\n","protected":false},"author":2,"featured_media":2168,"comment_status":"open","ping_status":"open","sticky":false,"template":"","format":"standard","meta":[],"categories":[45],"tags":[],"_links":{"self":[{"href":"http:\/\/capc.com.pt\/site\/index.php\/wp-json\/wp\/v2\/posts\/2162"}],"collection":[{"href":"http:\/\/capc.com.pt\/site\/index.php\/wp-json\/wp\/v2\/posts"}],"about":[{"href":"http:\/\/capc.com.pt\/site\/index.php\/wp-json\/wp\/v2\/types\/post"}],"author":[{"embeddable":true,"href":"http:\/\/capc.com.pt\/site\/index.php\/wp-json\/wp\/v2\/users\/2"}],"replies":[{"embeddable":true,"href":"http:\/\/capc.com.pt\/site\/index.php\/wp-json\/wp\/v2\/comments?post=2162"}],"version-history":[{"count":5,"href":"http:\/\/capc.com.pt\/site\/index.php\/wp-json\/wp\/v2\/posts\/2162\/revisions"}],"predecessor-version":[{"id":3337,"href":"http:\/\/capc.com.pt\/site\/index.php\/wp-json\/wp\/v2\/posts\/2162\/revisions\/3337"}],"wp:featuredmedia":[{"embeddable":true,"href":"http:\/\/capc.com.pt\/site\/index.php\/wp-json\/wp\/v2\/media\/2168"}],"wp:attachment":[{"href":"http:\/\/capc.com.pt\/site\/index.php\/wp-json\/wp\/v2\/media?parent=2162"}],"wp:term":[{"taxonomy":"category","embeddable":true,"href":"http:\/\/capc.com.pt\/site\/index.php\/wp-json\/wp\/v2\/categories?post=2162"},{"taxonomy":"post_tag","embeddable":true,"href":"http:\/\/capc.com.pt\/site\/index.php\/wp-json\/wp\/v2\/tags?post=2162"}],"curies":[{"name":"wp","href":"https:\/\/api.w.org\/{rel}","templated":true}]}}