{"id":2382,"date":"2018-12-04T12:01:21","date_gmt":"2018-12-04T12:01:21","guid":{"rendered":"http:\/\/capc.com.pt\/site\/?p=2382"},"modified":"2020-03-11T11:45:01","modified_gmt":"2020-03-11T11:45:01","slug":"no-dia-seguinte-esta-o-agora","status":"publish","type":"post","link":"http:\/\/capc.com.pt\/site\/index.php\/no-dia-seguinte-esta-o-agora\/","title":{"rendered":"<b>No dia seguinte est\u00e1 o agora<\/b>"},"content":{"rendered":"<p>\u00abEsta exposi\u00e7\u00e3o, pode nem ser uma exposi\u00e7\u00e3o, considerando que os objetivos, as metodologias e as estrat\u00e9gias que fomos assumindo ao longo deste processo t\u00eam como objetivo principal a celebra\u00e7\u00e3o dos 60 anos do CAPC. (&#8230;)&nbsp;<span style=\"font-weight: 400;\">Paralelamente, v\u00e3o ocorrer dois ciclos de conversas, com o intuito de pensarmos juntos sobre o foco e as estrat\u00e9gias para uma cole\u00e7\u00e3o de arte com as carater\u00edsticas que o CAPC pode consolidar e oferecer. O concerto no dia da inaugura\u00e7\u00e3o reveste todo este acontecimento ou liberta-o para o tempo do <\/span><i><span style=\"font-weight: 400;\">agora.<\/span><\/i>\u00bb<\/p>\n<p><img decoding=\"async\" loading=\"lazy\" class=\"alignnone size-full wp-image-2384\" src=\"http:\/\/capc.com.pt\/site\/wp-content\/uploads\/2018\/12\/60anoscapc-1.png\" alt=\"\" width=\"360\" height=\"255\" srcset=\"http:\/\/capc.com.pt\/site\/wp-content\/uploads\/2018\/12\/60anoscapc-1.png 360w, http:\/\/capc.com.pt\/site\/wp-content\/uploads\/2018\/12\/60anoscapc-1-300x213.png 300w\" sizes=\"(max-width: 360px) 100vw, 360px\" \/><\/p>\n<p><strong>PROGRAMA<\/strong><\/p>\n<p><b>15\/12\/2018<\/b><\/p>\n<p><span style=\"font-weight: 400;\">Inaugura\u00e7\u00e3o | 17h <\/span><br \/>\n<span style=\"font-weight: 400;\">Concerto Z\u00e9 Maldito e Vicente Mateus | 18h<\/span><\/p>\n<p><span style=\"font-weight: 400;\">1.\u00ba Encontro | Conversa com Carlos Antunes, Cristina Mateus, D\u00e9sir\u00e9e Pedro, Nuno Sousa Vieira, Pedro Calapez e S\u00e9rgio Fazenda Rodrigues.<\/span><\/p>\n<p><b>17\/01\/2019<\/b><\/p>\n<p><span style=\"font-weight: 400;\">Anivers\u00e1rio da Arte<\/span><\/p>\n<p><img decoding=\"async\" loading=\"lazy\" class=\"alignnone wp-image-2537 size-large\" src=\"http:\/\/capc.com.pt\/site\/wp-content\/uploads\/2018\/12\/cartaz_NoDiaSeguinte_DEZ18-1-725x1024.jpg\" alt=\"\" width=\"725\" height=\"1024\" srcset=\"http:\/\/capc.com.pt\/site\/wp-content\/uploads\/2018\/12\/cartaz_NoDiaSeguinte_DEZ18-1-725x1024.jpg 725w, http:\/\/capc.com.pt\/site\/wp-content\/uploads\/2018\/12\/cartaz_NoDiaSeguinte_DEZ18-1-212x300.jpg 212w, http:\/\/capc.com.pt\/site\/wp-content\/uploads\/2018\/12\/cartaz_NoDiaSeguinte_DEZ18-1-768x1085.jpg 768w, http:\/\/capc.com.pt\/site\/wp-content\/uploads\/2018\/12\/cartaz_NoDiaSeguinte_DEZ18-1.jpg 1123w\" sizes=\"(max-width: 725px) 100vw, 725px\" \/><\/p>\n<h6><span style=\"font-weight: 400;\">\u00abNuvens&#8230; Existo sem que o saiba e morrerei sem que o queira. Sou o intervalo entre o que sou e o que n\u00e3o sou, entre o que sonho e o que a vida fez de mim, a m\u00e9dia abstracta e carnal entre coisas que n\u00e3o s\u00e3o nada, sendo eu nada tamb\u00e9m. Nuvens&#8230;\u00bb<\/span><\/h6>\n<h6><span style=\"font-weight: 400;\">Fernando Pessoa in <\/span><i><span style=\"font-weight: 400;\">Livro do Desassossego<\/span><\/i><span style=\"font-weight: 400;\"> (ap\u00f3s 18-10-1931)<\/span><\/h6>\n<p><span style=\"font-weight: 400;\">Este c\u00edrculo, que nunca foi fechado, apresentou-se desde sempre como uma estrutura perme\u00e1vel, interrompida e recetiva \u00e0 experi\u00eancia e ao exerc\u00edcio da liberdade. Em suma, este c\u00edrculo, tal como qualquer entidade viva, \u00e9 desassossegado, e existe entre o que \u00e9 e o que poder\u00e1 ou n\u00e3o vir a ser.<\/span><span style=\"font-weight: 400;\">&nbsp;<\/span><span style=\"font-weight: 400;\">Esta exposi\u00e7\u00e3o formaliza-se enquanto um v\u00ednculo, uma dobra no agora, e, neste sentido, esta exposi\u00e7\u00e3o n\u00e3o \u00e9 uma exposi\u00e7\u00e3o: \u00e9 um c\u00edrculo aberto, perme\u00e1vel, recetivo, que se apresenta capaz de olhar para tr\u00e1s e fazer outra vez, mais uma vez.<\/span><\/p>\n<p><span style=\"font-weight: 400;\">Este c\u00edrculo, por se configurar como um tri\u00e2ngulo equil\u00e1tero, encontra-se dividido em tr\u00eas simples e diretos acontecimentos:&nbsp;<\/span><b>o&nbsp;<\/b><b><i>foco<\/i><\/b><i><span style=\"font-weight: 400;\">,<\/span><\/i><b>&nbsp;a&nbsp;<\/b><b><i>estrat\u00e9gia-armadilha<\/i><\/b><i><span style=\"font-weight: 400;\">&nbsp;<\/span><\/i><span style=\"font-weight: 400;\">e&nbsp;<\/span><b>o&nbsp;<\/b><b><i>tempo<\/i><\/b><span style=\"font-weight: 400;\">. Cada um destes acontecimentos se articula ora por justaposi\u00e7\u00e3o, ora por altern\u00e2ncia.&nbsp;<\/span><b><i>O<\/i><\/b><b>&nbsp;<\/b><b><i>foco<\/i><\/b><span style=\"font-weight: 400;\">&nbsp;\u00e9 o acontecimento que procura refletir no sentido, na estrat\u00e9gia e no&nbsp;<\/span><i><span style=\"font-weight: 400;\">modus operandi<\/span><\/i><span style=\"font-weight: 400;\">&nbsp;de uma cole\u00e7\u00e3o de arte pertencente ao CAPC;&nbsp;<\/span><b><i>a estrat\u00e9gia-armadilha<\/i><\/b><span style=\"font-weight: 400;\">&nbsp;procurar\u00e1 ser um dispositivo relacional onde obra e p\u00fablico se encontram;&nbsp;<\/span><b><i>o tempo<\/i><\/b><span style=\"font-weight: 400;\">&nbsp;n\u00e3o \u00e9 entendido como uma realidade absoluta, mas como um tempo mutante que permite a cada instante reequacionar a dire\u00e7\u00e3o e o sentido, contribuindo para uma redefini\u00e7\u00e3o do lugar.<\/span><\/p>\n<p><iframe loading=\"lazy\" src=\"https:\/\/w.soundcloud.com\/player\/?url=https%3A\/\/api.soundcloud.com\/users\/476654874&amp;color=%23ac9c9c&amp;auto_play=true&amp;hide_related=false&amp;show_comments=true&amp;show_user=true&amp;show_reposts=false&amp;show_teaser=true&amp;visual=true\" width=\"100%\" height=\"600\" frameborder=\"no\" scrolling=\"no\"><\/iframe><\/p>\n","protected":false},"excerpt":{"rendered":"<p>\u00abEsta exposi\u00e7\u00e3o, pode nem ser uma exposi\u00e7\u00e3o, considerando que os objetivos, as metodologias e as estrat\u00e9gias que fomos assumindo ao longo deste processo t\u00eam como objetivo principal a celebra\u00e7\u00e3o dos 60 anos do CAPC. (&#8230;)&nbsp;Paralelamente, v\u00e3o ocorrer dois ciclos de conversas, com o intuito de pensarmos juntos sobre o foco e as estrat\u00e9gias para uma [&hellip;]<\/p>\n","protected":false},"author":1,"featured_media":2530,"comment_status":"open","ping_status":"open","sticky":false,"template":"","format":"standard","meta":[],"categories":[2],"tags":[],"_links":{"self":[{"href":"http:\/\/capc.com.pt\/site\/index.php\/wp-json\/wp\/v2\/posts\/2382"}],"collection":[{"href":"http:\/\/capc.com.pt\/site\/index.php\/wp-json\/wp\/v2\/posts"}],"about":[{"href":"http:\/\/capc.com.pt\/site\/index.php\/wp-json\/wp\/v2\/types\/post"}],"author":[{"embeddable":true,"href":"http:\/\/capc.com.pt\/site\/index.php\/wp-json\/wp\/v2\/users\/1"}],"replies":[{"embeddable":true,"href":"http:\/\/capc.com.pt\/site\/index.php\/wp-json\/wp\/v2\/comments?post=2382"}],"version-history":[{"count":26,"href":"http:\/\/capc.com.pt\/site\/index.php\/wp-json\/wp\/v2\/posts\/2382\/revisions"}],"predecessor-version":[{"id":3288,"href":"http:\/\/capc.com.pt\/site\/index.php\/wp-json\/wp\/v2\/posts\/2382\/revisions\/3288"}],"wp:featuredmedia":[{"embeddable":true,"href":"http:\/\/capc.com.pt\/site\/index.php\/wp-json\/wp\/v2\/media\/2530"}],"wp:attachment":[{"href":"http:\/\/capc.com.pt\/site\/index.php\/wp-json\/wp\/v2\/media?parent=2382"}],"wp:term":[{"taxonomy":"category","embeddable":true,"href":"http:\/\/capc.com.pt\/site\/index.php\/wp-json\/wp\/v2\/categories?post=2382"},{"taxonomy":"post_tag","embeddable":true,"href":"http:\/\/capc.com.pt\/site\/index.php\/wp-json\/wp\/v2\/tags?post=2382"}],"curies":[{"name":"wp","href":"https:\/\/api.w.org\/{rel}","templated":true}]}}