{"id":2590,"date":"2018-12-21T10:23:13","date_gmt":"2018-12-21T10:23:13","guid":{"rendered":"http:\/\/capc.com.pt\/site\/?p=2590"},"modified":"2020-03-11T14:58:27","modified_gmt":"2020-03-11T14:58:27","slug":"aniversario-da-arte-2","status":"publish","type":"post","link":"http:\/\/capc.com.pt\/site\/index.php\/aniversario-da-arte-2\/","title":{"rendered":"<b>1 000 056.\u00ba Anivers\u00e1rio da Arte<\/b>"},"content":{"rendered":"\n<figure class=\"wp-block-image\"><img decoding=\"async\" loading=\"lazy\" width=\"702\" height=\"1024\" src=\"http:\/\/capc.com.pt\/site\/wp-content\/uploads\/2018\/12\/MUPI_AniversarioArte_JAN19-702x1024.jpg\" alt=\"\" class=\"wp-image-2822\" srcset=\"http:\/\/capc.com.pt\/site\/wp-content\/uploads\/2018\/12\/MUPI_AniversarioArte_JAN19-702x1024.jpg 702w, http:\/\/capc.com.pt\/site\/wp-content\/uploads\/2018\/12\/MUPI_AniversarioArte_JAN19-206x300.jpg 206w, http:\/\/capc.com.pt\/site\/wp-content\/uploads\/2018\/12\/MUPI_AniversarioArte_JAN19-768x1120.jpg 768w\" sizes=\"(max-width: 702px) 100vw, 702px\" \/><\/figure>\n\n\n\n<div style=\"height:100px\" aria-hidden=\"true\" class=\"wp-block-spacer\"><\/div>\n\n\n\n<table class=\"wp-block-table\"><tbody><tr><td><\/td><\/tr><tr><td><br><strong>O C\u00edrculo de Artes Pl\u00e1sticas de Coimbra vai celebrar o 1 000 056.\u00ba Anivers\u00e1rio da Arte, no dia 17 de janeiro, a partir das 18 horas, com uma&nbsp;<em>FESTA sem arte (convencional) mas que seja ela pr\u00f3pria uma verdadeira afirma\u00e7\u00e3o da identidade poss\u00edvel e necess\u00e1ria entre a arte e a vida<\/em>&nbsp;<\/strong>*<strong><em>.&nbsp;<\/em><\/strong><br><br><\/td><\/tr><tr><td>\u200bNo dia 17 de janeiro de 1974, Ernesto de Sousa organizou uma festa comemorativa do 1 000 011.\u00ba Anivers\u00e1rio da Arte em Portugal, no C\u00edrculo de Artes Pl\u00e1sticas de Coimbra (CAPC).<br><br>Passados 44 anos sobre esse evento, o CAPC promove um novo dia de festa com um vasto programa que come\u00e7a com a republica\u00e7\u00e3o da carta-convite original * \u2014 assinada por Robert Filliou, Ernesto de Sousa, Alberto Carneiro e Jo\u00e3o Dixo \u2014, acompanhada de um ensaio de Jorge Pais de Sousa sobre o&nbsp;<em>Manifesto do Anivers\u00e1rio da Arte<\/em>.<br><br>Todos os que nos apresentaram as mais diversas propostas na&nbsp;<a href=\"http:\/\/capc.com.pt\/site\/index.php\/pt\/open-call\/\">Open Call<\/a>&nbsp;que o CAPC len\u00e7ou em dezembro, foram convidados a participar numa discuss\u00e3o coletiva (com Ant\u00f3nio Olaio, Joana Monteiro, Jorge Neves e Jos\u00e9 Miguel Pereira), da qual resultou o programa que no dia 17 de janeiro de 2019, quinta-feira, come\u00e7a \u00e0s 18 horas e estende-se at\u00e9 \u00e0 madrugada seguinte.<br><a href=\"https:\/\/drive.google.com\/open?id=10qyea3eKqa56owLYJnohPEY650UKYrkG\"><\/a>No C\u00edrculo Sede, na Rua Castro Matoso, onde est\u00e1 patente&nbsp;<em><a href=\"http:\/\/capc.com.pt\/site\/index.php\/pt\/no-dia-seguinte-esta-o-agora\/\">No dia seguinte est\u00e1 o agora<\/a><\/em>, a exposi\u00e7\u00e3o que Nuno Sousa Vieira e Cristina Mateus conceberam para assinalar os 60 anos do C\u00edrculo, e onde se encontram obras da nossa hist\u00f3ria e cria\u00e7\u00f5es de jovens artistas, durante o dia 17 v\u00e3o suceder-se&nbsp;performances, instala\u00e7\u00f5es, concertos, jogos propostos por<br>&nbsp;<br><br><strong>Ant\u00f3nio Azenha e Marissel Marques \/ Ant\u00f3nio Castanheira \/ Bernardo Ferreira \/ Carolina Fangueiro \/ Daniela Varela \/ DJ SET Ach\u00e9phale \/ Escola Secund\u00e1ria Jos\u00e9 Falc\u00e3o \/ Esfinge Coletivo Ancestral \/ Frederico Nunes \/ Gon\u00e7alo Barros \/ Gon\u00e7alo Gaiola \/ Halisson Silva \/ Hugo Rodrigues Cunha \/ Jorge Cabrera \/ Jorge dos Reis \/ Louren\u00e7o Leit\u00e3o \/ Lu\u00eds Ribeiro \/ Marcos Duv\u00e1go \/ Os Supercr\u00edticos \/ Pedro Vaz, Rui Martins e Wagner Merije &nbsp;\/ Petra Naydenov \/ Raquel Moreira \/ Romano Saraiva \/ Rui Mour\u00e3o \/ Sebasti\u00e3o Casanova \/ Teresa Luzio \/ Tito Chambino \/ Vitor Malva<\/strong><br><br><br>Numa dessas propostas, que \u00e9 simultaneamente uma homenagem a Ernesto de Sousa e uma ideia de utopia, Ant\u00f3nio Castanheira desafia&nbsp;<em>cada um dos participantes habituais \u2014 a que conseguimos chegar directamente \u2014 a comprometer-se a trazer para a festa duas pessoas que n\u00e3o tenham o h\u00e1bito de frequentar exposi\u00e7\u00f5es, que assuma a responsabilidade de trazer dois vizinhos, dois familiares, dois colegas de trabalho, enfim, quaisquer duas pessoas que, de outro modo, n\u00e3o participariam na festa e que, naturalmente, os ajudem a sentir em casa, que os ajudem com ternura a compreender e a gostar de arte<\/em>.<br><br>Eis, pois, o mote: venha \u00e0 festa \u2013&nbsp;<strong>e convide dois amigos!<\/strong><\/td><\/tr><\/tbody><\/table>\n\n\n\n<figure class=\"wp-block-image\"><img decoding=\"async\" loading=\"lazy\" width=\"724\" height=\"1024\" src=\"http:\/\/capc.com.pt\/site\/wp-content\/uploads\/2019\/01\/capc-page-001-724x1024.jpg\" alt=\"\" class=\"wp-image-2824\" srcset=\"http:\/\/capc.com.pt\/site\/wp-content\/uploads\/2019\/01\/capc-page-001-724x1024.jpg 724w, http:\/\/capc.com.pt\/site\/wp-content\/uploads\/2019\/01\/capc-page-001-212x300.jpg 212w, http:\/\/capc.com.pt\/site\/wp-content\/uploads\/2019\/01\/capc-page-001-768x1086.jpg 768w\" sizes=\"(max-width: 724px) 100vw, 724px\" \/><\/figure>\n\n\n\n<p><\/p>\n\n\n\n<p><\/p>\n\n\n\n<p>No dia do <strong>1 000 056.\u00ba <\/strong>Anivers\u00e1rio da Arte o CAPC C\u00edrculo de Artes Pl\u00e1sticas de Coimbra, que celebra esta data desde 1974, tem um programa muito preenchido, com propostas de<\/p>\n\n\n\n<p>Ant\u00f3nio Azenha e Marissel Marques \/ Ant\u00f3nio Castanheira \/ Bernardo Ferreira \/ Carolina Fangueiro \/ Daniela Varela \/ Diogo Sim\u00f5es \/ Escola Secund\u00e1ria Jos\u00e9 Falc\u00e3o \/ Esfinge Coletivo Ancestral \/ Frederico Nunes \/ Gon\u00e7alo Barros \/ Gon\u00e7alo Gaiola \/ Halisson Silva \/ Hugo Rodrigues Cunha \/ Jorge Cabrera \/ Jorge dos Reis \/ Louren\u00e7o Leit\u00e3o \/ Lu\u00eds Ribeiro \/ Marcos Duv\u00e1go \/ Os Supercr\u00edticos \/ Pedro Vaz, Rui Martins e Wagner Merije \/ Petra Naydenov \/ Raquel Moreira \/ Romano Saraiva \/ Rui Mour\u00e3o \/ Sebasti\u00e3o Casanova \/ Teresa Luzio \/ Tito Chambino \/ Vitor Malva<\/p>\n\n\n\n<p><\/p>\n\n\n\n<p>Programa <br>14h00 Abertura de \u00abNo dia seguinte est\u00e1 o agora\u00bb e acesso \u00e0s propostas expositivas da Open Call que v\u00e3o estar no edif\u00edcio durante este dia<br>18h00 A\u00e7\u00e3o da Escola Secund\u00e1ria Jos\u00e9 Falc\u00e3o<br>21h30 \u00abHappening with\u00bb de Wagner Merije, Pedro Vaz, Rui Martins<br>22h00 Performance de Hugo Rodrigues Cunha<br>22h30 \u00abEsgrima\u00bb de Frederico Nunes<br>22h45 \u00abMnemosine &amp; T\u00e1rtaro\u00bb &#8211; Ant\u00f3nio Azenha e Marissel Marques<br>23h30 \u00abAc\u00e9phale\u00bb &#8211; Dj set<br>Durante todo o per\u00edodo desde as 14h00 at\u00e9 ao dia seguinte, v\u00e3o suceder-se  performances pontuais com Gon\u00e7alo Gaiola, Hugo Rodrigues Cunha e cont\u00ednuas com Vitor Malva e Esfinge Coletivo Ancestral.<\/p>\n\n\n\n<div style=\"height:100px\" aria-hidden=\"true\" class=\"wp-block-spacer\"><\/div>\n\n\n\n<p><strong>1 000 056.\u00ba <\/strong><\/p>\n\n\n\n<p><\/p>\n\n\n\n<p><strong>ESFERA CAPC PROGRAMA\u00c7\u00c3O<\/strong> janeiro a junho de 2019<\/p>\n\n\n\n<figure><iframe loading=\"lazy\" src=\"https:\/\/www.yumpu.com\/pt\/embed\/view\/TyseCzA65N4UObuK\" width=\"620px\" height=\"571px\" allowfullscreen=\"allowfullscreen\"><\/iframe><\/figure>\n\n\n\n<p><a href=\"http:\/\/capc.com.pt\/site\/wp-content\/uploads\/2018\/12\/Esfera-CAPC-4.pdf\">Descarregar documento<\/a><\/p>\n","protected":false},"excerpt":{"rendered":"<p>O C\u00edrculo de Artes Pl\u00e1sticas de Coimbra vai celebrar o 1 000 056.\u00ba Anivers\u00e1rio da Arte, no dia 17 de janeiro, a partir das 18 horas, com uma&nbsp;FESTA sem arte (convencional) mas que seja ela pr\u00f3pria uma verdadeira afirma\u00e7\u00e3o da identidade poss\u00edvel e necess\u00e1ria entre a arte e a vida&nbsp;*.&nbsp; \u200bNo dia 17 de janeiro [&hellip;]<\/p>\n","protected":false},"author":1,"featured_media":2731,"comment_status":"open","ping_status":"open","sticky":false,"template":"","format":"standard","meta":[],"categories":[182,45],"tags":[],"_links":{"self":[{"href":"http:\/\/capc.com.pt\/site\/index.php\/wp-json\/wp\/v2\/posts\/2590"}],"collection":[{"href":"http:\/\/capc.com.pt\/site\/index.php\/wp-json\/wp\/v2\/posts"}],"about":[{"href":"http:\/\/capc.com.pt\/site\/index.php\/wp-json\/wp\/v2\/types\/post"}],"author":[{"embeddable":true,"href":"http:\/\/capc.com.pt\/site\/index.php\/wp-json\/wp\/v2\/users\/1"}],"replies":[{"embeddable":true,"href":"http:\/\/capc.com.pt\/site\/index.php\/wp-json\/wp\/v2\/comments?post=2590"}],"version-history":[{"count":9,"href":"http:\/\/capc.com.pt\/site\/index.php\/wp-json\/wp\/v2\/posts\/2590\/revisions"}],"predecessor-version":[{"id":3347,"href":"http:\/\/capc.com.pt\/site\/index.php\/wp-json\/wp\/v2\/posts\/2590\/revisions\/3347"}],"wp:featuredmedia":[{"embeddable":true,"href":"http:\/\/capc.com.pt\/site\/index.php\/wp-json\/wp\/v2\/media\/2731"}],"wp:attachment":[{"href":"http:\/\/capc.com.pt\/site\/index.php\/wp-json\/wp\/v2\/media?parent=2590"}],"wp:term":[{"taxonomy":"category","embeddable":true,"href":"http:\/\/capc.com.pt\/site\/index.php\/wp-json\/wp\/v2\/categories?post=2590"},{"taxonomy":"post_tag","embeddable":true,"href":"http:\/\/capc.com.pt\/site\/index.php\/wp-json\/wp\/v2\/tags?post=2590"}],"curies":[{"name":"wp","href":"https:\/\/api.w.org\/{rel}","templated":true}]}}