{"id":2749,"date":"2019-01-07T12:10:33","date_gmt":"2019-01-07T12:10:33","guid":{"rendered":"http:\/\/capc.com.pt\/site\/?p=2749"},"modified":"2020-03-11T14:53:51","modified_gmt":"2020-03-11T14:53:51","slug":"mapa-meu","status":"publish","type":"post","link":"http:\/\/capc.com.pt\/site\/index.php\/mapa-meu\/","title":{"rendered":"<b>Mapa meu<\/b><br>com Catarina Bota Leal e Jorge Neves"},"content":{"rendered":"\n<figure class=\"wp-block-image\"><img decoding=\"async\" loading=\"lazy\" width=\"725\" height=\"1024\" src=\"http:\/\/capc.com.pt\/site\/wp-content\/uploads\/2019\/02\/cartaz_EsferaCAPC_MapaMeu-725x1024.jpg\" alt=\"\" class=\"wp-image-2868\" srcset=\"http:\/\/capc.com.pt\/site\/wp-content\/uploads\/2019\/02\/cartaz_EsferaCAPC_MapaMeu-725x1024.jpg 725w, http:\/\/capc.com.pt\/site\/wp-content\/uploads\/2019\/02\/cartaz_EsferaCAPC_MapaMeu-212x300.jpg 212w, http:\/\/capc.com.pt\/site\/wp-content\/uploads\/2019\/02\/cartaz_EsferaCAPC_MapaMeu-768x1085.jpg 768w, http:\/\/capc.com.pt\/site\/wp-content\/uploads\/2019\/02\/cartaz_EsferaCAPC_MapaMeu.jpg 1123w\" sizes=\"(max-width: 725px) 100vw, 725px\" \/><\/figure>\n\n\n\n<p><br><\/p>\n\n\n\n<p>A partir da <em>Teoria da Deriva <\/em>de Guy D\u00e9bord, prop\u00f5e-se re etir nas\nquest\u00f5es gerais da representa\u00e7\u00e3o do espa\u00e7o f\u00edsico e mental. Tendo\ncomo refer\u00eancia os mapas dos Situacionistas, que derivam dessa\nteoria, pretende-se questionar os limites da representa\u00e7\u00e3o de uma\ncidade e da nossa rela\u00e7\u00e3o com ela. O resultado n\u00e3o \u00e9 necessariamente\nde ordem espacial ou geogr\u00e1 ca.\n<\/p>\n\n\n\n<div class=\"wp-block-image\"><figure class=\"aligncenter\"><img decoding=\"async\" loading=\"lazy\" width=\"366\" height=\"366\" src=\"http:\/\/capc.com.pt\/site\/wp-content\/uploads\/2019\/01\/Circulos_SiteCAPC13.jpg\" alt=\"\" class=\"wp-image-2719\" srcset=\"http:\/\/capc.com.pt\/site\/wp-content\/uploads\/2019\/01\/Circulos_SiteCAPC13.jpg 366w, http:\/\/capc.com.pt\/site\/wp-content\/uploads\/2019\/01\/Circulos_SiteCAPC13-150x150.jpg 150w, http:\/\/capc.com.pt\/site\/wp-content\/uploads\/2019\/01\/Circulos_SiteCAPC13-300x300.jpg 300w\" sizes=\"(max-width: 366px) 100vw, 366px\" \/><figcaption> <br> Jean Louis Brau, <em>M\u00e9tagraphie<\/em>, 1950 <\/figcaption><\/figure><\/div>\n\n\n\n<p><\/p>\n\n\n\n<div style=\"height:100px\" aria-hidden=\"true\" class=\"wp-block-spacer\"><\/div>\n\n\n\n<p><strong>Esfera CAPC.<br>Est\u00fadio CAPC. Os Limites da representa\u00e7\u00e3o da cidade<br>Ciclo de oficinas de observa\u00e7\u00e3o e representa\u00e7\u00e3o. <\/strong><\/p>\n\n\n\n<p>Nestas sess\u00f5es, o desenhar \u00e9 utilizado como instrumento de an\u00e1lise,\nreconhecimento e representa\u00e7\u00e3o do espa\u00e7o. Ser\u00e3o apresentados\nexemplos de diferentes t\u00e9cnicas que apontam para resultados<br>\ne objetivos distintos. A utiliza\u00e7\u00e3o desta ferramenta, acess\u00edvel e\nusada por diversos campos do saber e do conhecimento, permite\ndesenvolver capacidades de s\u00edntese na comunica\u00e7\u00e3o visual.\n<\/p>\n\n\n\n<ul class=\"wp-block-gallery columns-3 is-cropped wp-block-gallery-1 is-layout-flex\"><li class=\"blocks-gallery-item\"><figure><img decoding=\"async\" loading=\"lazy\" width=\"752\" height=\"1024\" src=\"http:\/\/capc.com.pt\/site\/wp-content\/uploads\/2019\/03\/cidades-imaginadas-2-752x1024.jpg\" alt=\"\" data-id=\"2911\" data-link=\"http:\/\/capc.com.pt\/site\/index.php\/mapa-meu\/cidades-imaginadas-2\/\" class=\"wp-image-2911\" srcset=\"http:\/\/capc.com.pt\/site\/wp-content\/uploads\/2019\/03\/cidades-imaginadas-2-752x1024.jpg 752w, http:\/\/capc.com.pt\/site\/wp-content\/uploads\/2019\/03\/cidades-imaginadas-2-220x300.jpg 220w, http:\/\/capc.com.pt\/site\/wp-content\/uploads\/2019\/03\/cidades-imaginadas-2-768x1046.jpg 768w\" sizes=\"(max-width: 752px) 100vw, 752px\" \/><\/figure><\/li><li class=\"blocks-gallery-item\"><figure><img decoding=\"async\" loading=\"lazy\" width=\"731\" height=\"1024\" src=\"http:\/\/capc.com.pt\/site\/wp-content\/uploads\/2019\/03\/cidades-imaginadas-3-731x1024.jpg\" alt=\"\" data-id=\"2912\" data-link=\"http:\/\/capc.com.pt\/site\/index.php\/mapa-meu\/cidades-imaginadas-3\/\" class=\"wp-image-2912\" srcset=\"http:\/\/capc.com.pt\/site\/wp-content\/uploads\/2019\/03\/cidades-imaginadas-3-731x1024.jpg 731w, http:\/\/capc.com.pt\/site\/wp-content\/uploads\/2019\/03\/cidades-imaginadas-3-214x300.jpg 214w, http:\/\/capc.com.pt\/site\/wp-content\/uploads\/2019\/03\/cidades-imaginadas-3-768x1076.jpg 768w\" sizes=\"(max-width: 731px) 100vw, 731px\" \/><\/figure><\/li><li class=\"blocks-gallery-item\"><figure><img decoding=\"async\" loading=\"lazy\" width=\"749\" height=\"1024\" src=\"http:\/\/capc.com.pt\/site\/wp-content\/uploads\/2019\/03\/deriva-pela-cidade-1-749x1024.jpg\" alt=\"\" data-id=\"2913\" data-link=\"http:\/\/capc.com.pt\/site\/index.php\/mapa-meu\/deriva-pela-cidade-1\/\" class=\"wp-image-2913\" srcset=\"http:\/\/capc.com.pt\/site\/wp-content\/uploads\/2019\/03\/deriva-pela-cidade-1-749x1024.jpg 749w, http:\/\/capc.com.pt\/site\/wp-content\/uploads\/2019\/03\/deriva-pela-cidade-1-219x300.jpg 219w, http:\/\/capc.com.pt\/site\/wp-content\/uploads\/2019\/03\/deriva-pela-cidade-1-768x1050.jpg 768w\" sizes=\"(max-width: 749px) 100vw, 749px\" \/><\/figure><\/li><li class=\"blocks-gallery-item\"><figure><img decoding=\"async\" loading=\"lazy\" width=\"1024\" height=\"723\" src=\"http:\/\/capc.com.pt\/site\/wp-content\/uploads\/2019\/03\/deriva-pela-cidade-2-1024x723.jpg\" alt=\"\" data-id=\"2915\" data-link=\"http:\/\/capc.com.pt\/site\/index.php\/mapa-meu\/deriva-pela-cidade-2\/\" class=\"wp-image-2915\" srcset=\"http:\/\/capc.com.pt\/site\/wp-content\/uploads\/2019\/03\/deriva-pela-cidade-2-1024x723.jpg 1024w, http:\/\/capc.com.pt\/site\/wp-content\/uploads\/2019\/03\/deriva-pela-cidade-2-300x212.jpg 300w, http:\/\/capc.com.pt\/site\/wp-content\/uploads\/2019\/03\/deriva-pela-cidade-2-768x542.jpg 768w\" sizes=\"(max-width: 1024px) 100vw, 1024px\" \/><\/figure><\/li><li class=\"blocks-gallery-item\"><figure><img decoding=\"async\" loading=\"lazy\" width=\"860\" height=\"1024\" src=\"http:\/\/capc.com.pt\/site\/wp-content\/uploads\/2019\/03\/deriva-pela-cidade-3-860x1024.jpg\" alt=\"\" data-id=\"2916\" data-link=\"http:\/\/capc.com.pt\/site\/index.php\/mapa-meu\/deriva-pela-cidade-3\/\" class=\"wp-image-2916\" srcset=\"http:\/\/capc.com.pt\/site\/wp-content\/uploads\/2019\/03\/deriva-pela-cidade-3-860x1024.jpg 860w, http:\/\/capc.com.pt\/site\/wp-content\/uploads\/2019\/03\/deriva-pela-cidade-3-252x300.jpg 252w, http:\/\/capc.com.pt\/site\/wp-content\/uploads\/2019\/03\/deriva-pela-cidade-3-768x915.jpg 768w\" sizes=\"(max-width: 860px) 100vw, 860px\" \/><\/figure><\/li><li class=\"blocks-gallery-item\"><figure><img decoding=\"async\" loading=\"lazy\" width=\"1024\" height=\"711\" src=\"http:\/\/capc.com.pt\/site\/wp-content\/uploads\/2019\/03\/deriva-pela-cidade-9-1024x711.jpg\" alt=\"\" data-id=\"2917\" data-link=\"http:\/\/capc.com.pt\/site\/index.php\/mapa-meu\/deriva-pela-cidade-9\/\" class=\"wp-image-2917\" srcset=\"http:\/\/capc.com.pt\/site\/wp-content\/uploads\/2019\/03\/deriva-pela-cidade-9-1024x711.jpg 1024w, http:\/\/capc.com.pt\/site\/wp-content\/uploads\/2019\/03\/deriva-pela-cidade-9-300x208.jpg 300w, http:\/\/capc.com.pt\/site\/wp-content\/uploads\/2019\/03\/deriva-pela-cidade-9-768x534.jpg 768w\" sizes=\"(max-width: 1024px) 100vw, 1024px\" \/><\/figure><\/li><li class=\"blocks-gallery-item\"><figure><img decoding=\"async\" loading=\"lazy\" width=\"1024\" height=\"680\" src=\"http:\/\/capc.com.pt\/site\/wp-content\/uploads\/2019\/03\/mapa-meu-1-grupo-2-1024x680.jpg\" alt=\"\" data-id=\"2918\" data-link=\"http:\/\/capc.com.pt\/site\/index.php\/mapa-meu\/mapa-meu-1-grupo-2\/\" class=\"wp-image-2918\" srcset=\"http:\/\/capc.com.pt\/site\/wp-content\/uploads\/2019\/03\/mapa-meu-1-grupo-2-1024x680.jpg 1024w, http:\/\/capc.com.pt\/site\/wp-content\/uploads\/2019\/03\/mapa-meu-1-grupo-2-300x199.jpg 300w, http:\/\/capc.com.pt\/site\/wp-content\/uploads\/2019\/03\/mapa-meu-1-grupo-2-768x510.jpg 768w\" sizes=\"(max-width: 1024px) 100vw, 1024px\" \/><\/figure><\/li><li class=\"blocks-gallery-item\"><figure><img decoding=\"async\" loading=\"lazy\" width=\"1024\" height=\"680\" src=\"http:\/\/capc.com.pt\/site\/wp-content\/uploads\/2019\/03\/mapa-meu-2-grupo-2-1024x680.jpg\" alt=\"\" data-id=\"2919\" data-link=\"http:\/\/capc.com.pt\/site\/index.php\/mapa-meu\/mapa-meu-2-grupo-2\/\" class=\"wp-image-2919\" srcset=\"http:\/\/capc.com.pt\/site\/wp-content\/uploads\/2019\/03\/mapa-meu-2-grupo-2-1024x680.jpg 1024w, http:\/\/capc.com.pt\/site\/wp-content\/uploads\/2019\/03\/mapa-meu-2-grupo-2-300x199.jpg 300w, http:\/\/capc.com.pt\/site\/wp-content\/uploads\/2019\/03\/mapa-meu-2-grupo-2-768x510.jpg 768w\" sizes=\"(max-width: 1024px) 100vw, 1024px\" \/><\/figure><\/li><li class=\"blocks-gallery-item\"><figure><img decoding=\"async\" loading=\"lazy\" width=\"1024\" height=\"617\" src=\"http:\/\/capc.com.pt\/site\/wp-content\/uploads\/2019\/03\/mapa-meu-2-grupo-5-1024x617.jpg\" alt=\"\" data-id=\"2920\" data-link=\"http:\/\/capc.com.pt\/site\/index.php\/mapa-meu\/mapa-meu-2-grupo-5\/\" class=\"wp-image-2920\" srcset=\"http:\/\/capc.com.pt\/site\/wp-content\/uploads\/2019\/03\/mapa-meu-2-grupo-5-1024x617.jpg 1024w, http:\/\/capc.com.pt\/site\/wp-content\/uploads\/2019\/03\/mapa-meu-2-grupo-5-300x181.jpg 300w, http:\/\/capc.com.pt\/site\/wp-content\/uploads\/2019\/03\/mapa-meu-2-grupo-5-768x463.jpg 768w\" sizes=\"(max-width: 1024px) 100vw, 1024px\" \/><\/figure><\/li><\/ul>\n\n\n\n<p>Imagens da Oficina \u00abMapa Meu\u00bb, nos dias 22 e 23 de fevereiro de 2019<\/p>\n\n\n\n<div style=\"height:100px\" aria-hidden=\"true\" class=\"wp-block-spacer\"><\/div>\n\n\n\n<p><strong>ESFERA CAPC<\/strong><br><strong>PROGRAMA\u00c7\u00c3O<\/strong> janeiro a junho de 2019<\/p>\n\n\n\n<figure><iframe loading=\"lazy\" src=\"https:\/\/www.yumpu.com\/pt\/embed\/view\/TyseCzA65N4UObuK\" width=\"620px\" height=\"571px\" allowfullscreen=\"allowfullscreen\"><\/iframe><\/figure>\n\n\n\n<p><a href=\"http:\/\/capc.com.pt\/site\/wp-content\/uploads\/2018\/12\/Esfera-CAPC-4.pdf\">Descarregar documento<\/a><\/p>\n","protected":false},"excerpt":{"rendered":"<p>A partir da Teoria da Deriva de Guy D\u00e9bord, prop\u00f5e-se re etir nas quest\u00f5es gerais da representa\u00e7\u00e3o do espa\u00e7o f\u00edsico e mental. Tendo como refer\u00eancia os mapas dos Situacionistas, que derivam dessa teoria, pretende-se questionar os limites da representa\u00e7\u00e3o de uma cidade e da nossa rela\u00e7\u00e3o com ela. O resultado n\u00e3o \u00e9 necessariamente de ordem [&hellip;]<\/p>\n","protected":false},"author":1,"featured_media":2719,"comment_status":"open","ping_status":"open","sticky":false,"template":"","format":"standard","meta":[],"categories":[182,45],"tags":[],"_links":{"self":[{"href":"http:\/\/capc.com.pt\/site\/index.php\/wp-json\/wp\/v2\/posts\/2749"}],"collection":[{"href":"http:\/\/capc.com.pt\/site\/index.php\/wp-json\/wp\/v2\/posts"}],"about":[{"href":"http:\/\/capc.com.pt\/site\/index.php\/wp-json\/wp\/v2\/types\/post"}],"author":[{"embeddable":true,"href":"http:\/\/capc.com.pt\/site\/index.php\/wp-json\/wp\/v2\/users\/1"}],"replies":[{"embeddable":true,"href":"http:\/\/capc.com.pt\/site\/index.php\/wp-json\/wp\/v2\/comments?post=2749"}],"version-history":[{"count":8,"href":"http:\/\/capc.com.pt\/site\/index.php\/wp-json\/wp\/v2\/posts\/2749\/revisions"}],"predecessor-version":[{"id":3345,"href":"http:\/\/capc.com.pt\/site\/index.php\/wp-json\/wp\/v2\/posts\/2749\/revisions\/3345"}],"wp:featuredmedia":[{"embeddable":true,"href":"http:\/\/capc.com.pt\/site\/index.php\/wp-json\/wp\/v2\/media\/2719"}],"wp:attachment":[{"href":"http:\/\/capc.com.pt\/site\/index.php\/wp-json\/wp\/v2\/media?parent=2749"}],"wp:term":[{"taxonomy":"category","embeddable":true,"href":"http:\/\/capc.com.pt\/site\/index.php\/wp-json\/wp\/v2\/categories?post=2749"},{"taxonomy":"post_tag","embeddable":true,"href":"http:\/\/capc.com.pt\/site\/index.php\/wp-json\/wp\/v2\/tags?post=2749"}],"curies":[{"name":"wp","href":"https:\/\/api.w.org\/{rel}","templated":true}]}}