{"id":3787,"date":"2021-03-24T17:54:32","date_gmt":"2021-03-24T17:54:32","guid":{"rendered":"http:\/\/capc.com.pt\/site\/?p=3787"},"modified":"2021-07-30T21:13:01","modified_gmt":"2021-07-30T21:13:01","slug":"ciclo-1-introducao-a-producao-em-arte-contemporanea","status":"publish","type":"post","link":"http:\/\/capc.com.pt\/site\/index.php\/ciclo-1-introducao-a-producao-em-arte-contemporanea\/","title":{"rendered":"Ciclo 1 \u2014 Introdu\u00e7\u00e3o \u00e0 Produ\u00e7\u00e3o em Arte Contempor\u00e2nea"},"content":{"rendered":"\n<p>ESFERA CAPC<br>PROGRAMA EDUCATIVO<br>FORMA\u00c7\u00c3O ONLINE<\/p>\n\n\n\n<p><\/p>\n\n\n\n<table class=\"wp-block-table\"><tbody><tr><td>O C\u00edrculo de Artes Pl\u00e1sticas de Coimbra (CAPC) prop\u00f5e um programa de forma\u00e7\u00e3o&nbsp;<em>online<\/em>, com um primeiro ciclo focado na \u00e1rea de desenvolvimento de projetos e produ\u00e7\u00e3o de exposi\u00e7\u00f5es de artes visuais. Pretende-se criar um espa\u00e7o de conviv\u00eancia criativa&nbsp;<em>online&nbsp;<\/em>para partilha de experi\u00eancias, abrangendo assim um p\u00fablico mais alargado e formatos diversificados de produ\u00e7\u00e3o de conhecimento em arte e cultura contempor\u00e2neas.<\/td><\/tr><\/tbody><\/table>\n\n\n\n<p class=\"has-medium-font-size\"><br><strong>1. Elabora\u00e7\u00e3o e Gest\u00e3o&nbsp;de um Projeto Cultural<\/strong><\/p>\n\n\n\n<table class=\"wp-block-table\"><tbody><tr><td>A partir de exemplos concretos implementados em contexto real pela formadora, Lisiane Mutti, especialista na \u00e1rea h\u00e1 15 anos, nesta forma\u00e7\u00e3o ser\u00e3o nomeadas as etapas fundamentais para a elabora\u00e7\u00e3o de um projeto cultural no campo das artes visuais. Lisiane Mutti abordar\u00e1 estrat\u00e9gias para um melhor desenvolvimento de projetos, tais como:&nbsp;gest\u00e3o de tempo, relacionamento com a equipa, comunica\u00e7\u00e3o. Apresentar\u00e1, ainda, ferramentas \u00fateis elaboradas para o acompanhamento e gest\u00e3o de projetos.&nbsp;&nbsp;<br><br>Data: 01\/04\/2021<br>Hor\u00e1rio: das 19h00 \u00e0s 21h30 (2 horas de apresenta\u00e7\u00e3o seguidas de 30 minutos de quest\u00f5es)<br>Total: 2h30<br><br><br><\/td><\/tr><\/tbody><\/table>\n\n\n\n<figure class=\"wp-block-image\"><img decoding=\"async\" loading=\"lazy\" width=\"822\" height=\"1024\" src=\"http:\/\/capc.com.pt\/site\/wp-content\/uploads\/2021\/03\/cartazes_CAPC_CicloProducao_Lisiane_HD-822x1024.jpg\" alt=\"\" class=\"wp-image-3788\" srcset=\"http:\/\/capc.com.pt\/site\/wp-content\/uploads\/2021\/03\/cartazes_CAPC_CicloProducao_Lisiane_HD-822x1024.jpg 822w, http:\/\/capc.com.pt\/site\/wp-content\/uploads\/2021\/03\/cartazes_CAPC_CicloProducao_Lisiane_HD-241x300.jpg 241w, http:\/\/capc.com.pt\/site\/wp-content\/uploads\/2021\/03\/cartazes_CAPC_CicloProducao_Lisiane_HD-768x956.jpg 768w, http:\/\/capc.com.pt\/site\/wp-content\/uploads\/2021\/03\/cartazes_CAPC_CicloProducao_Lisiane_HD.jpg 1831w\" sizes=\"(max-width: 822px) 100vw, 822px\" \/><figcaption>Imagem do cartaz:&nbsp;<em>Trope\u00e7os em paradoxos<\/em>, Suzana Queiroga, foto: SR2<\/figcaption><\/figure>\n\n\n\n<p><strong>Lisiane Mutti<\/strong><br>\u00c9 s\u00f3cia (desde 2010) da Fase 10 \u2013 A\u00e7\u00e3o Contempor\u00e2nea (<a href=\"http:\/\/www.fase10.com.br\/\">www.fase10.com.br<\/a>), uma produtora especializada em montagem de exposi\u00e7\u00f5es e a\u00e7\u00f5es urbanas, da qual \u00e9 respons\u00e1vel pela gest\u00e3o administrativa e financeira, bem como pelos projetos e a\u00e7\u00f5es patrocinados, desde a inscri\u00e7\u00e3o \u00e0 apresenta\u00e7\u00e3o\/aprova\u00e7\u00e3o da presta\u00e7\u00e3o de contas, elabora\u00e7\u00e3o de contratos e acompanhamento do seu cumprimento. Nestes dez anos de exist\u00eancia, a Fase 10 realizou mais de cinquenta projetos no campo das artes visuais contempor\u00e2neas em centros culturais e espa\u00e7os urbanos brasileiros. Atuou na busca por novos neg\u00f3cios, contactos com clientes, patrocinadores e\/ou parceiros. Mutti \u00e9 respons\u00e1vel ainda pela consultoria, assessoria, planeamento e execu\u00e7\u00e3o de a\u00e7\u00f5es a ser implementadas por empresas que buscam cumprir a responsabilidade social atrav\u00e9s de projetos culturais e sociais, benef\u00edcios fiscais das leis de incentivo ou fomento direto implementados no contexto brasileiro.<\/p>\n\n\n\n<figure class=\"wp-block-video\"><video controls src=\"http:\/\/capc.com.pt\/site\/wp-content\/uploads\/2021\/03\/Lisiane_vers\u00e3o-final-19_03_peq.mov\"><\/video><\/figure>\n\n\n\n<figure class=\"wp-block-embed-youtube wp-block-embed is-type-video is-provider-youtube wp-embed-aspect-16-9 wp-has-aspect-ratio\"><div class=\"wp-block-embed__wrapper\">\n<iframe loading=\"lazy\" width=\"500\" height=\"281\" src=\"https:\/\/www.youtube.com\/embed\/50qUFTL0ORE?feature=oembed\" frameborder=\"0\" allow=\"accelerometer; autoplay; clipboard-write; encrypted-media; gyroscope; picture-in-picture\" allowfullscreen><\/iframe>\n<\/div><\/figure>\n\n\n\n<p class=\"has-medium-font-size\"><\/p>\n\n\n\n<p class=\"has-medium-font-size\"><br>&nbsp;<strong>2. Entender a Produ\u00e7\u00e3o&nbsp;em Arte Contempor\u00e2nea<\/strong><\/p>\n\n\n\n<p>Pretende-se desenvolver no\u00e7\u00f5es de implementa\u00e7\u00e3o de projetos no campo da arte contempor\u00e2nea, atrav\u00e9s da produ\u00e7\u00e3o e das etapas que a comp\u00f5em, tendo como foco exposi\u00e7\u00f5es de artes visuais realizadas em espa\u00e7os fechados ou a\u00e7\u00f5es pensadas para espa\u00e7os urbanos. A forma\u00e7\u00e3o abordar\u00e1 os meandros que envolvem a trajet\u00f3ria profissional de um produtor, a partir de v\u00eddeos e fotos de projetos realizados por Nelson Ricardo Martins, formador, especialista na \u00e1rea nos \u00faltimos 15 anos. O curso est\u00e1 dividido em dois encontros conforme as datas especificadas.<\/p>\n\n\n\n<p>&nbsp;1.\u00ba Encontro<br>Data: 15\/04\/2021<br>Hor\u00e1rio: das 19h00 \u00e0s 21h30 (2 horas de apresenta\u00e7\u00e3o seguidas de 30 minutos de quest\u00f5es)<br>&nbsp;<br>2.\u00ba Encontro<br>Data:&nbsp;29\/04\/2021<br>Hor\u00e1rio: das 19h00 \u00e0s 21h30 (2 horas de apresenta\u00e7\u00e3o seguidas de 30 minutos de quest\u00f5es)&nbsp;<br>Total: 5h00&nbsp;<\/p>\n\n\n\n<p><\/p>\n\n\n\n<figure class=\"wp-block-image\"><img decoding=\"async\" loading=\"lazy\" width=\"822\" height=\"1024\" src=\"http:\/\/capc.com.pt\/site\/wp-content\/uploads\/2021\/03\/cartazes_CAPC_CicloProducao_Nelson_HD-822x1024.jpg\" alt=\"\" class=\"wp-image-3789\" srcset=\"http:\/\/capc.com.pt\/site\/wp-content\/uploads\/2021\/03\/cartazes_CAPC_CicloProducao_Nelson_HD-822x1024.jpg 822w, http:\/\/capc.com.pt\/site\/wp-content\/uploads\/2021\/03\/cartazes_CAPC_CicloProducao_Nelson_HD-241x300.jpg 241w, http:\/\/capc.com.pt\/site\/wp-content\/uploads\/2021\/03\/cartazes_CAPC_CicloProducao_Nelson_HD-768x956.jpg 768w, http:\/\/capc.com.pt\/site\/wp-content\/uploads\/2021\/03\/cartazes_CAPC_CicloProducao_Nelson_HD.jpg 1831w\" sizes=\"(max-width: 822px) 100vw, 822px\" \/><figcaption>Imagem do cartaz:&nbsp;<em>O bem e o mal-entendido<\/em>, Jarbas Lopes, foto: SR2<\/figcaption><\/figure>\n\n\n\n<p><\/p>\n\n\n\n<p><strong>Nelson Ricardo Martins<\/strong><br>Atualmente, frequenta o Doutoramento em Arte Contempor\u00e2nea no Col\u00e9gio das Artes da Universidade de Coimbra. Foi fundador da Fase 10 \u2014 A\u00e7\u00e3o Contempor\u00e2nea [www.fase10.com.br], produtora especializada em montagem de exposi\u00e7\u00f5es e a\u00e7\u00f5es urbanas, que, desde 2010, tem vindo a realizar projetos em centros culturais e espa\u00e7os urbanos do Brasil. \u00c9 tamb\u00e9m fundador da ART VEINE, plataforma&nbsp;<em>online<\/em>no campo das artes visuais contempor\u00e2neas, focada em portef\u00f3lios, exposi\u00e7\u00f5es, comercializa\u00e7\u00e3o de obras de arte e cursos [www.artveine.com.br].<\/p>\n\n\n\n<figure class=\"wp-block-video\"><video controls src=\"http:\/\/capc.com.pt\/site\/wp-content\/uploads\/2021\/03\/Nelson-nova-vers\u00e3o-em-25_03_peq.mov\"><\/video><\/figure>\n\n\n\n<figure class=\"wp-block-embed-youtube wp-block-embed is-type-video is-provider-youtube wp-embed-aspect-16-9 wp-has-aspect-ratio\"><div class=\"wp-block-embed__wrapper\">\n<iframe loading=\"lazy\" width=\"500\" height=\"281\" src=\"https:\/\/www.youtube.com\/embed\/aMugWX8DRuY?feature=oembed\" frameborder=\"0\" allow=\"accelerometer; autoplay; clipboard-write; encrypted-media; gyroscope; picture-in-picture\" allowfullscreen><\/iframe>\n<\/div><\/figure>\n\n\n\n<figure class=\"wp-block-embed-youtube wp-block-embed is-type-video is-provider-youtube wp-embed-aspect-16-9 wp-has-aspect-ratio\"><div class=\"wp-block-embed__wrapper\">\n<iframe loading=\"lazy\" width=\"500\" height=\"281\" src=\"https:\/\/www.youtube.com\/embed\/q7Npcx3AwTg?feature=oembed\" frameborder=\"0\" allow=\"accelerometer; autoplay; clipboard-write; encrypted-media; gyroscope; picture-in-picture\" allowfullscreen><\/iframe>\n<\/div><\/figure>\n","protected":false},"excerpt":{"rendered":"<p>ESFERA CAPCPROGRAMA EDUCATIVOFORMA\u00c7\u00c3O ONLINE O C\u00edrculo de Artes Pl\u00e1sticas de Coimbra (CAPC) prop\u00f5e um programa de forma\u00e7\u00e3o&nbsp;online, com um primeiro ciclo focado na \u00e1rea de desenvolvimento de projetos e produ\u00e7\u00e3o de exposi\u00e7\u00f5es de artes visuais. Pretende-se criar um espa\u00e7o de conviv\u00eancia criativa&nbsp;online&nbsp;para partilha de experi\u00eancias, abrangendo assim um p\u00fablico mais alargado e formatos diversificados de [&hellip;]<\/p>\n","protected":false},"author":1,"featured_media":3801,"comment_status":"open","ping_status":"open","sticky":false,"template":"","format":"standard","meta":[],"categories":[182,45],"tags":[],"_links":{"self":[{"href":"http:\/\/capc.com.pt\/site\/index.php\/wp-json\/wp\/v2\/posts\/3787"}],"collection":[{"href":"http:\/\/capc.com.pt\/site\/index.php\/wp-json\/wp\/v2\/posts"}],"about":[{"href":"http:\/\/capc.com.pt\/site\/index.php\/wp-json\/wp\/v2\/types\/post"}],"author":[{"embeddable":true,"href":"http:\/\/capc.com.pt\/site\/index.php\/wp-json\/wp\/v2\/users\/1"}],"replies":[{"embeddable":true,"href":"http:\/\/capc.com.pt\/site\/index.php\/wp-json\/wp\/v2\/comments?post=3787"}],"version-history":[{"count":14,"href":"http:\/\/capc.com.pt\/site\/index.php\/wp-json\/wp\/v2\/posts\/3787\/revisions"}],"predecessor-version":[{"id":3903,"href":"http:\/\/capc.com.pt\/site\/index.php\/wp-json\/wp\/v2\/posts\/3787\/revisions\/3903"}],"wp:featuredmedia":[{"embeddable":true,"href":"http:\/\/capc.com.pt\/site\/index.php\/wp-json\/wp\/v2\/media\/3801"}],"wp:attachment":[{"href":"http:\/\/capc.com.pt\/site\/index.php\/wp-json\/wp\/v2\/media?parent=3787"}],"wp:term":[{"taxonomy":"category","embeddable":true,"href":"http:\/\/capc.com.pt\/site\/index.php\/wp-json\/wp\/v2\/categories?post=3787"},{"taxonomy":"post_tag","embeddable":true,"href":"http:\/\/capc.com.pt\/site\/index.php\/wp-json\/wp\/v2\/tags?post=3787"}],"curies":[{"name":"wp","href":"https:\/\/api.w.org\/{rel}","templated":true}]}}