{"id":4295,"date":"2023-01-05T12:34:08","date_gmt":"2023-01-05T12:34:08","guid":{"rendered":"http:\/\/capc.com.pt\/site\/?p=4295"},"modified":"2023-03-22T14:38:24","modified_gmt":"2023-03-22T14:38:24","slug":"jogo-do-serio-2","status":"publish","type":"post","link":"http:\/\/capc.com.pt\/site\/index.php\/jogo-do-serio-2\/","title":{"rendered":"Jogo do S\u00e9rio"},"content":{"rendered":"\n<ul class=\"wp-block-gallery columns-1 is-cropped wp-block-gallery-1 is-layout-flex\"><li class=\"blocks-gallery-item\"><figure><img decoding=\"async\" loading=\"lazy\" width=\"1024\" height=\"860\" src=\"http:\/\/capc.com.pt\/site\/wp-content\/uploads\/2023\/01\/2023_01_Jogo-do-Se\u0301rio-Open-Call-V2-2-1-1024x860.png\" alt=\"\" data-id=\"4309\" class=\"wp-image-4309\" srcset=\"http:\/\/capc.com.pt\/site\/wp-content\/uploads\/2023\/01\/2023_01_Jogo-do-Se\u0301rio-Open-Call-V2-2-1-1024x860.png 1024w, http:\/\/capc.com.pt\/site\/wp-content\/uploads\/2023\/01\/2023_01_Jogo-do-Se\u0301rio-Open-Call-V2-2-1-300x252.png 300w, http:\/\/capc.com.pt\/site\/wp-content\/uploads\/2023\/01\/2023_01_Jogo-do-Se\u0301rio-Open-Call-V2-2-1-768x645.png 768w\" sizes=\"(max-width: 1024px) 100vw, 1024px\" \/><\/figure><\/li><\/ul>\n\n\n\n<ul class=\"wp-block-gallery columns-2 is-cropped wp-block-gallery-3 is-layout-flex\"><li class=\"blocks-gallery-item\"><figure><img decoding=\"async\" loading=\"lazy\" width=\"1024\" height=\"1024\" src=\"http:\/\/capc.com.pt\/site\/wp-content\/uploads\/2023\/01\/draft-1024x1024.png\" alt=\"\" data-id=\"4368\" data-link=\"http:\/\/capc.com.pt\/site\/index.php\/jogo-do-serio-2\/draft\/\" class=\"wp-image-4368\" srcset=\"http:\/\/capc.com.pt\/site\/wp-content\/uploads\/2023\/01\/draft-1024x1024.png 1024w, http:\/\/capc.com.pt\/site\/wp-content\/uploads\/2023\/01\/draft-150x150.png 150w, http:\/\/capc.com.pt\/site\/wp-content\/uploads\/2023\/01\/draft-300x300.png 300w, http:\/\/capc.com.pt\/site\/wp-content\/uploads\/2023\/01\/draft-768x768.png 768w\" sizes=\"(max-width: 1024px) 100vw, 1024px\" \/><\/figure><\/li><li class=\"blocks-gallery-item\"><figure><img decoding=\"async\" loading=\"lazy\" width=\"1024\" height=\"1024\" src=\"http:\/\/capc.com.pt\/site\/wp-content\/uploads\/2023\/01\/draft2-1024x1024.png\" alt=\"\" data-id=\"4369\" data-link=\"http:\/\/capc.com.pt\/site\/index.php\/jogo-do-serio-2\/draft2\/\" class=\"wp-image-4369\" srcset=\"http:\/\/capc.com.pt\/site\/wp-content\/uploads\/2023\/01\/draft2-1024x1024.png 1024w, http:\/\/capc.com.pt\/site\/wp-content\/uploads\/2023\/01\/draft2-150x150.png 150w, http:\/\/capc.com.pt\/site\/wp-content\/uploads\/2023\/01\/draft2-300x300.png 300w, http:\/\/capc.com.pt\/site\/wp-content\/uploads\/2023\/01\/draft2-768x768.png 768w\" sizes=\"(max-width: 1024px) 100vw, 1024px\" \/><\/figure><\/li><\/ul>\n\n\n\n<h4 class=\"wp-block-heading\"><br>Obra de arte procura obra de arte para <em>Jogo do S\u00e9rio<\/em> \u2014 <em>open call<\/em> de ocupa\u00e7\u00e3o do Museu&nbsp;<\/h4>\n\n\n\n<hr class=\"wp-block-separator\"\/>\n\n\n\n<p>Como aprendemos na inf\u00e2ncia, no jogo do s\u00e9rio n\u00e3o podemos sorrir, pestanejar ou sequer desviar o olhar. Tudo isto \u00e9 motivo para a penaliza\u00e7\u00e3o fatal: a derrota. Quando dois corpos se encaram no <em>Jogo do S\u00e9rio<\/em>, \u00e9 por demais evidente a tens\u00e3o que se cria entre ambos. N\u00e3o h\u00e1 lugar para ced\u00eancias.<\/p>\n\n\n\n<p>Neste projeto curatorial, prop\u00f4s-se \u00e0 comunidade art\u00edstica, e n\u00e3o s\u00f3, a sugest\u00e3o de um ou mais objetos que pudessem ser parceiros de jogo da obra exposta.<\/p>\n\n\n\n<p>Para este primeiro momento, de 7 de janeiro a 26 de mar\u00e7o, procurou-se um parceiro para a obra <em>Estore<\/em> (2019), de Nuno Sousa Vieira. <\/p>\n\n\n\n<p>Depois da delibera\u00e7\u00e3o do j\u00fari, o primeiro <em>Jogo do S\u00e9rio<\/em> conta com uma obra da artista Rita Carmo, em resposta \u00e0 j\u00e1 anunciada obra de Nuno Sousa Vieira. A rela\u00e7\u00e3o entre <em>Estore<\/em> e <em>Camuflagem #1<\/em> pareceu, ao j\u00fari, a mais apropriada tendo em conta o pressuposto curatorial, n\u00e3o obstante a qualidade das diversas propostas enviadas.<\/p>\n\n\n\n<p>Joguemos ao <em>Jogo do S\u00e9rio<\/em>. Um corpo em frente a outro. Devem olhar-se fixamente.<\/p>\n\n\n\n<p>Quem rir, desviar o olhar ou pestanejar perde.<\/p>\n\n\n\n<p>Estar im\u00f3vel, mas, no entanto, n\u00e3o estar parado: continua a jogar-se \u00e0 medida da letargia. Contribui-se para uma simetria de inten\u00e7\u00f5es, quebrada pela assimetria \u00e0 superf\u00edcie.<\/p>\n\n\n\n<p>Daniel Madeira<\/p>\n\n\n\n<p><\/p>\n\n\n\n<hr class=\"wp-block-separator\"\/>\n\n\n\n<p><strong>Nuno Sousa Vieira<\/strong> \u00e9 professor auxiliar na Faculdade de Belas Artes da Universidade de Lisboa e investigador integrado do CIEBA. A exposi\u00e7\u00e3o que considera como marca do seu percurso art\u00edstico aconteceu em 2005 no Centro de Artes Visuais, em Coimbra. Desde ent\u00e3o, tem exposto regularmente, destacando-se: <em>Uma vida inteira<\/em>, Banco das Artes, Leiria, <em>Oculto<\/em>, Travessa da Ermida, Lisboa, 2021; <em>Linha Funda<\/em>, Funda\u00e7\u00e3o Carmona e Costa, Lisboa, 2020; <em>Me, my self and the other<\/em>, Galeria 3+1, Lisboa, 2019; <em>Duble \/ Duble<\/em>, SE8 Gallery, Londres, 2018; <em>Nasci num dia curto de inverno<\/em>, Funda\u00e7\u00e3o Portuguesa das Comunica\u00e7\u00f5es, <em>From Darkeness To Light<\/em>, Galeria Gra\u00e7a Brand\u00e3o, Lisboa, 2015; <em>Ouvi dizer que o lugar mais escuro \u00e9 sempre debaixo da luz<\/em>, Kunsthalle&nbsp;S\u00e3o Paulo, S\u00e3o Paulo, Brasil, 2014; <em>Wall Stop for This<\/em>, Appleton Square, Lisboa, 2012; <em>Somos n\u00f3s que mudamos quando tomamos efetivamente conhecimento do outro<\/em>, Pavilh\u00e3o Branco \u2013 Museu da Cidade de Lisboa, Lisboa, 2011.<\/p>\n\n\n\n<p>As\nsuas mais recentes exposi\u00e7\u00f5es aconteceram no Brasil, nomeadamente: <em>Um entre\nn\u00f3s<\/em>, Galeria Raquel Arnaud, S\u00e3o Paulo, 2022; e <em>Tenho a vista cansada<\/em>,\nGaleria Mul.ti.plo, Rio de Janeiro, 2022.<\/p>\n\n\n\n<p>O seu trabalho est\u00e1 representado em diversas cole\u00e7\u00f5es: PINTA \u2013 Latin America, CAV (Centro de Artes Visuais),&nbsp; Teixeira de Freitas, PLMJ, Ant\u00f3nio Cachola, C\u00e2mara Municipal de Leiria, Jos\u00e9 Caballero (Madrid), Paulo Pimenta, Cole\u00e7\u00e3o Jos\u00e9 Lima, Cole\u00e7\u00e3o Ant\u00f3nio Albertino, Fernando Ribeiro, Jos\u00e9 Carlos Santana Pinto, Regina Pinho de Almeida (S\u00e3o Paulo), Museu de Arte Moderna do Rio de Janeiro (Brasil), CAPC (C\u00edrculo de Artes Pl\u00e1sticas de Coimbra), Funda\u00e7\u00e3o Calouste Gulbenkian, Cole\u00e7\u00e3o do Estado, Ita\u00fa Cultural (Brasil), Luiz Montenegro (Brasil).<\/p>\n\n\n\n<hr class=\"wp-block-separator\"\/>\n\n\n\n<p><strong>Rita Carmo<\/strong> vive e trabalha em Lisboa. \u00c9 fundadora, curadora e artista da Galeria Mergulho, projeto independente em espa\u00e7o dom\u00e9stico. \u00c9 licenciada em Artes Pl\u00e1sticas pela ESAD das Caldas da Rainha, realizou o programa Erasmus no Departamento de Artes Pl\u00e1sticas da Kunsth\u00f8gskolen i Bergen, na Noruega, onde posteriormente desenvolveu um projeto de investiga\u00e7\u00e3o com uma bolsa do Conselho de Investiga\u00e7\u00e3o da Noruega.<\/p>\n\n\n\n<p>Em 2020, criou as resid\u00eancias art\u00edsticas\u00bbSe perguntarem por mim\ndiz que estou no Tahiti!\u00bb e a \u00abGaleria Mergulho\u00bb, como forma independente de\nentrar no ciclo da produ\u00e7\u00e3o e divulga\u00e7\u00e3o de arte.<\/p>\n\n\n\n<p>Encontra-se neste momento a desenvolver os seus projetos&nbsp;<em>Materiais\nde Constru\u00e7\u00e3o<\/em>&nbsp;e<em>Auto Retrato M<\/em><em>\u00fa<\/em><em>ltiplo<\/em>. Ambos os projetos foram apresentados pela primeira vez na confer\u00eancia&nbsp;<em>Territ<\/em><em>\u00f3rios\nidentit<\/em><em>\u00e1rios de Rita Carmo<\/em>,&nbsp;integrada no Ciclo de confer\u00eancias&nbsp;<em>As Mulheres\ne a Arte<\/em>,&nbsp;na Faculdade de Ci\u00eancias Sociais e Humanas da Universidade\nNova de Lisboa, a convite da investigadora Rita Mira.<\/p>\n\n\n\n<p>Desde 2005, tem realizado exposi\u00e7\u00f5es individuais das quais se\ndestacam:&nbsp;<em>Materiais de Constru\u00e7\u00e3o: Ensaio aberto #1<\/em>&nbsp;<em>e 2<\/em>,&nbsp;na\nGaleria Mergulho,&nbsp;<em>O Passado est\u00e1 <\/em><em>Presente<\/em>, no Espa\u00e7o 62, em Lisboa;&nbsp;<em>Pr\u00ea<\/em><em>te\nmoi ta pl\u00fbme pour \u00e9crir<\/em><em>\u2019<\/em><em>amour<\/em>,&nbsp;no\nAteneu do Catorze, S\u00e3o Lu\u00eds;&nbsp;<em>Um Quarto S\u00f3 Dela<\/em>,\nGaleria Municipal de Torres Vedras; e&nbsp;<em>How<\/em> <em>Things Grow and Transform Themselves Into Other Separate Things<\/em>,&nbsp;na\nGalleri Fisk, Bergen, Noruega.<\/p>\n\n\n\n<p>Tem tamb\u00e9m participado em exposi\u00e7\u00f5es coletivas, das quais se\ndestacam:&nbsp;<em>Jogo do S<\/em><em>\u00e9<\/em><em>rio<\/em>, com Nuno Sousa Vieira, no CAPC, Coimbra;\n<em>AAA \u2013 Abertura de Ateliers de artistas<\/em>, na Oficina Imposs\u00edvel, <em>Duplo(s)<\/em>, na Galeria Sumo Preto, <em>Nonstopopening<\/em>, na\nGaleria Z\u00e9 dos Bois, em Lisboa; e <em>Galeria dos 30 Dias<\/em>, nas Caldas\nda Rainha, esta \u00faltima em colabora\u00e7\u00e3o com Pedro Barateiro.<\/p>\n","protected":false},"excerpt":{"rendered":"<p>Obra de arte procura obra de arte para Jogo do S\u00e9rio \u2014 open call de ocupa\u00e7\u00e3o do Museu&nbsp; Como aprendemos na inf\u00e2ncia, no jogo do s\u00e9rio n\u00e3o podemos sorrir, pestanejar ou sequer desviar o olhar. Tudo isto \u00e9 motivo para a penaliza\u00e7\u00e3o fatal: a derrota. Quando dois corpos se encaram no Jogo do S\u00e9rio, \u00e9 [&hellip;]<\/p>\n","protected":false},"author":1,"featured_media":4318,"comment_status":"open","ping_status":"open","sticky":true,"template":"","format":"standard","meta":[],"categories":[2],"tags":[],"_links":{"self":[{"href":"http:\/\/capc.com.pt\/site\/index.php\/wp-json\/wp\/v2\/posts\/4295"}],"collection":[{"href":"http:\/\/capc.com.pt\/site\/index.php\/wp-json\/wp\/v2\/posts"}],"about":[{"href":"http:\/\/capc.com.pt\/site\/index.php\/wp-json\/wp\/v2\/types\/post"}],"author":[{"embeddable":true,"href":"http:\/\/capc.com.pt\/site\/index.php\/wp-json\/wp\/v2\/users\/1"}],"replies":[{"embeddable":true,"href":"http:\/\/capc.com.pt\/site\/index.php\/wp-json\/wp\/v2\/comments?post=4295"}],"version-history":[{"count":13,"href":"http:\/\/capc.com.pt\/site\/index.php\/wp-json\/wp\/v2\/posts\/4295\/revisions"}],"predecessor-version":[{"id":4437,"href":"http:\/\/capc.com.pt\/site\/index.php\/wp-json\/wp\/v2\/posts\/4295\/revisions\/4437"}],"wp:featuredmedia":[{"embeddable":true,"href":"http:\/\/capc.com.pt\/site\/index.php\/wp-json\/wp\/v2\/media\/4318"}],"wp:attachment":[{"href":"http:\/\/capc.com.pt\/site\/index.php\/wp-json\/wp\/v2\/media?parent=4295"}],"wp:term":[{"taxonomy":"category","embeddable":true,"href":"http:\/\/capc.com.pt\/site\/index.php\/wp-json\/wp\/v2\/categories?post=4295"},{"taxonomy":"post_tag","embeddable":true,"href":"http:\/\/capc.com.pt\/site\/index.php\/wp-json\/wp\/v2\/tags?post=4295"}],"curies":[{"name":"wp","href":"https:\/\/api.w.org\/{rel}","templated":true}]}}