{"id":4596,"date":"2023-05-25T13:21:57","date_gmt":"2023-05-25T13:21:57","guid":{"rendered":"http:\/\/capc.com.pt\/site\/?p=4596"},"modified":"2023-09-07T11:41:40","modified_gmt":"2023-09-07T11:41:40","slug":"o-lugar-do-espectador","status":"publish","type":"post","link":"http:\/\/capc.com.pt\/site\/index.php\/o-lugar-do-espectador\/","title":{"rendered":"O Lugar do Espectador"},"content":{"rendered":"\n<figure class=\"wp-block-image\"><img decoding=\"async\" loading=\"lazy\" width=\"724\" height=\"1024\" src=\"http:\/\/capc.com.pt\/site\/wp-content\/uploads\/2023\/05\/unnamed-724x1024.png\" alt=\"\" class=\"wp-image-4638\" srcset=\"http:\/\/capc.com.pt\/site\/wp-content\/uploads\/2023\/05\/unnamed-724x1024.png 724w, http:\/\/capc.com.pt\/site\/wp-content\/uploads\/2023\/05\/unnamed-212x300.png 212w, http:\/\/capc.com.pt\/site\/wp-content\/uploads\/2023\/05\/unnamed.png 750w\" sizes=\"(max-width: 724px) 100vw, 724px\" \/><\/figure>\n\n\n\n<h4 class=\"wp-block-heading\">Informamos que a exposi\u00e7\u00e3o estar\u00e1 encerrada de <strong>1 de agosto <\/strong>a <strong>4 de setembro<\/strong>.<\/h4>\n\n\n\n<hr class=\"wp-block-separator has-css-opacity\"\/>\n\n\n\n<p><br><em>O&nbsp;Lugar&nbsp;do&nbsp;Espectador<\/em>, enquanto projecto expositivo, prop\u00f5em-se como um encontro&nbsp;de dois percursos, a partir da obra de cada uma das artistas e da experi\u00eancia da&nbsp;paisagem desenhada pelo jardim que acolhe&nbsp;o&nbsp;espa\u00e7o&nbsp;constru\u00eddo. A arquitectura, que&nbsp;d\u00e1 corpo \u00e0s salas de exposi\u00e7\u00e3o, e&nbsp;o&nbsp;Jardim da Sereia s\u00e3o&nbsp;como contentores\/ecr\u00e3s de&nbsp;espa\u00e7os ficcionais que se prolongam numa rela\u00e7\u00e3o&nbsp;org\u00e2nica e concomitante.&nbsp;O&nbsp;repto&nbsp;lan\u00e7ado a Ana P\u00e9rez-Quiroga e HElena Valsecchi tem como ponto de partida um texto&nbsp;de Italo Calvino, \u00abAutobiografia de um&nbsp;Espectador\u00bb, que faz parte do livro&nbsp;<em>O&nbsp;Caminho de&nbsp;San Giovanni<\/em>. Nesse repto,&nbsp;o&nbsp;sentido em que&nbsp;o&nbsp;autor se reconhece como&nbsp;espectador&nbsp;de cinema, durante um per\u00edodo da&nbsp;segunda metade do s\u00e9culo XX da hist\u00f3ria Italiana,&nbsp;interroga a sua paix\u00e3o&nbsp;pela narrativa dos ecr\u00e3s, e descreve com detalhe as diversas&nbsp;hist\u00f3rias&nbsp;e est\u00f3rias desta forma de express\u00e3o&nbsp;numa estreita rela\u00e7\u00e3o&nbsp;com&nbsp;o&nbsp;quotidiano&nbsp;que lhe \u00e9 coevo.<\/p>\n\n\n\n<p>Tomando como ponto de partida este cruzamento entre a arte e a vida, essa ideia de&nbsp;constru\u00e7\u00e3o&nbsp;cinematogr\u00e1fica, de montagem e edi\u00e7\u00e3o, reconfigura&nbsp;o&nbsp;lugar&nbsp;do&nbsp;espectador&nbsp;para um campo de possibilidades que se prop\u00f5e, atrav\u00e9s da experi\u00eancia art\u00edstica,&nbsp;reequacionar a nossa pr\u00f3pria experi\u00eancia, ainda que por momentos, nas salas da&nbsp;exposi\u00e7\u00e3o. Ao partilhar&nbsp;o&nbsp;sentimento de perda, ou de paix\u00e3o, como a fragilidade de um&nbsp;percurso, e de uma mem\u00f3ria do corpo e do esp\u00edrito, surge uma interroga\u00e7\u00e3o&nbsp;nas&nbsp;diversas modalidades que estes podem assumir. Seja nas sedu\u00e7\u00f5es do desejo, ou numa&nbsp;outra forma de respirar, transparente como um alv\u00e9olo, ou nas amplas janelas que&nbsp;partilham e fazem ressoar&nbsp;o&nbsp;jardim nas salas que se transformam em ecr\u00e3s, como num&nbsp;prado de um piquenique sob um c\u00e9u pintado que nos envolve, como os desenhos de<br>caminhos e palavras luminosas que devolvem a paisagem em aparente suspens\u00e3o.&nbsp;O&nbsp;lugar&nbsp;do&nbsp;espectador&nbsp;\u00e9&nbsp;o&nbsp;espa\u00e7o&nbsp;da reconfigura\u00e7\u00e3o&nbsp;da mem\u00f3ria, do olhar e de uma&nbsp;corporalidade indeterminada que regressa nas obras da exposi\u00e7\u00e3o.<br><br><br>Jo\u00e3o&nbsp;Silv\u00e9rio<br>O autor n\u00e3o&nbsp;segue&nbsp;o&nbsp;Acordo Ortogr\u00e1fico em vigor.<br><br>  <\/p>\n\n\n\n<hr class=\"wp-block-separator has-css-opacity\"\/>\n\n\n\n<p><br><strong>Ana P\u00e9rez-Quiroga<\/strong><br>Artista visual, realizadora e investigadora. \u00c9 doutorada em Arte Contempor\u00e2nea pelo Col\u00e9gio das Artes da Universidade de Coimbra; mestre em Artes Visuais\u2013Interm\u00e9dia da Universidade de \u00c9vora; licenciada em Escultura pela Faculdade de Belas Artes da Universidade de Lisboa; e com Curso Avan\u00e7ado e Projecto Individual de Artes Pl\u00e1sticas, pelo Ar.Co. \u00c9 investigadora no CHAIA \u2013 Centro de Hist\u00f3ria de Arte e Investiga\u00e7\u00e3o Art\u00edstica da Universidade de \u00c9vora, onde se encontra a fazer um p\u00f3s-doutoramento com apoio da FCT. As suas tem\u00e1ticas centram-se no quotidiano e seu mapeamento, na import\u00e2ncia dos objetos comuns na constru\u00e7\u00e3o da autorrepresenta\u00e7\u00e3o, na identidade, nas problem\u00e1ticas de g\u00e9nero, na mem\u00f3ria, na p\u00f3s-mem\u00f3ria e na cor. S\u00e3o materializadas em diversos suportes: instala\u00e7\u00e3o, objetos, fotografia, filme, t\u00eaxteis e performance. Foi distinguida com os pr\u00e9mios: Sociedade Portuguesa de Autores (SPA) \u2014 Melhor Exposi\u00e7\u00e3o de Artes Pl\u00e1sticas de 2014; Funda\u00e7\u00e3o Millennium BCP \u2014 Projecto Art\u00edstico 2022. Tem apoio do ICA para a realiza\u00e7\u00e3o de uma longa metragem\/document\u00e1rio.<\/p>\n\n\n\n<p><strong>HElena Valsecchi&nbsp;<\/strong><br> Artista italiana e portuguesa, nascida em Novara, It\u00e1lia, em 1976. Atualmente, vive e trabalha em Lisboa e Peniche, Portugal. Frequentou o curso de Pintura e Desenho na Ar.Co. em 2018, e o programa de Resid\u00eancias Art\u00edsticas na MArt, em Lisboa, com bolsa da Funda\u00e7\u00e3o  Carmona e Costa, MArt, S\u00e1 da Costa, em 2019\u20132020. Foi residente convidada na RAMA Resid\u00eancias Art\u00edsticas de Maceira e Alfeiria, integrando tamb\u00e9m a equipa do projeto. Frequenta o Mestrado em Artes Pl\u00e1sticas na ESAD, Caldas da Rainha. De entre as exposi\u00e7\u00f5es mais recentes, destacam-se a individual  <em>Synecdoche<\/em>, com texto de Jo\u00e3o Silv\u00e9rio, na Galeria S\u00e1 da Costa, e a coletiva  <em>Uma Certa Pr\u00e1tica da Aten\u00e7\u00e3o<\/em>, na Galeria Municipal de Torres Vedras, com  curadoria de Ana Anacleto, em 2022. A sua pr\u00e1tica nasce de uma reflex\u00e3o acerca da origem e ess\u00eancia da necessidade do sentimento do sagrado,  como resposta \u00e0 fragilidade da vida do indiv\u00edduo, necessidade que se  traduz num desejo, nunca realizado, de fus\u00e3o entre um e todo, corpo  humano e corpo n\u00e3o humano, vida individual e vida universal.<\/p>\n\n\n\n<p><strong>Jo\u00e3o Silv\u00e9rio<br><\/strong>Mestre em Estudos Curatoriais pela Faculdade de Belas-Artes da Universidade de Lisboa. \u00c9 curador associado da cole\u00e7\u00e3o de arte contempor\u00e2nea da Funda\u00e7\u00e3o PLMJ. Iniciou a sua atividade como curador independente em 2003, e em outubro de 2007 criou o projeto independente EMPTY CUBE, que tem apresentado projetos de artistas, <em>designers<\/em> e arquitetos (www.emptycube.org). Foi Presidente da Sec\u00e7\u00e3o Portuguesa da AICA \u2013 Associa\u00e7\u00e3o Internacional de Cr\u00edticos de Arte de mar\u00e7o de 2013 at\u00e9 dezembro de 2015. Em 2021, participou no projeto da RAMA Resid\u00eancias Art\u00edsticas, em Maceira, Portugal. Criou, em 2022, a editora independente co_edition em associa\u00e7\u00e3o com a MeelPress. Escreve regularmente acerca de projetos art\u00edsticos, em cat\u00e1logos, publica\u00e7\u00f5es e websites.<br><br>   <\/p>\n\n\n\n<figure class=\"wp-block-image size-large\"><a href=\"http:\/\/capc.com.pt\/site\/wp-content\/uploads\/2023\/05\/o-lugar-do-espectador-ana-perez-quiroga-14-scaled.jpg\"><img decoding=\"async\" loading=\"lazy\" width=\"1024\" height=\"680\" src=\"http:\/\/capc.com.pt\/site\/wp-content\/uploads\/2023\/05\/o-lugar-do-espectador-ana-perez-quiroga-14-1024x680.jpg\" alt=\"\" class=\"wp-image-4823\" srcset=\"http:\/\/capc.com.pt\/site\/wp-content\/uploads\/2023\/05\/o-lugar-do-espectador-ana-perez-quiroga-14-1024x680.jpg 1024w, http:\/\/capc.com.pt\/site\/wp-content\/uploads\/2023\/05\/o-lugar-do-espectador-ana-perez-quiroga-14-300x199.jpg 300w, http:\/\/capc.com.pt\/site\/wp-content\/uploads\/2023\/05\/o-lugar-do-espectador-ana-perez-quiroga-14-768x510.jpg 768w, http:\/\/capc.com.pt\/site\/wp-content\/uploads\/2023\/05\/o-lugar-do-espectador-ana-perez-quiroga-14-1536x1020.jpg 1536w, http:\/\/capc.com.pt\/site\/wp-content\/uploads\/2023\/05\/o-lugar-do-espectador-ana-perez-quiroga-14-2048x1360.jpg 2048w\" sizes=\"(max-width: 1024px) 100vw, 1024px\" \/><\/a><\/figure>\n\n\n\n<figure class=\"wp-block-image size-large\"><a href=\"http:\/\/capc.com.pt\/site\/wp-content\/uploads\/2023\/05\/o-lugar-do-espectador-ana-perez-quiroga-7-scaled.jpg\"><img decoding=\"async\" loading=\"lazy\" width=\"1024\" height=\"680\" src=\"http:\/\/capc.com.pt\/site\/wp-content\/uploads\/2023\/05\/o-lugar-do-espectador-ana-perez-quiroga-7-1024x680.jpg\" alt=\"\" class=\"wp-image-4821\" srcset=\"http:\/\/capc.com.pt\/site\/wp-content\/uploads\/2023\/05\/o-lugar-do-espectador-ana-perez-quiroga-7-1024x680.jpg 1024w, http:\/\/capc.com.pt\/site\/wp-content\/uploads\/2023\/05\/o-lugar-do-espectador-ana-perez-quiroga-7-300x199.jpg 300w, http:\/\/capc.com.pt\/site\/wp-content\/uploads\/2023\/05\/o-lugar-do-espectador-ana-perez-quiroga-7-768x510.jpg 768w, http:\/\/capc.com.pt\/site\/wp-content\/uploads\/2023\/05\/o-lugar-do-espectador-ana-perez-quiroga-7-1536x1020.jpg 1536w, http:\/\/capc.com.pt\/site\/wp-content\/uploads\/2023\/05\/o-lugar-do-espectador-ana-perez-quiroga-7-2048x1360.jpg 2048w\" sizes=\"(max-width: 1024px) 100vw, 1024px\" \/><\/a><\/figure>\n\n\n\n<figure class=\"wp-block-image size-large\"><a href=\"http:\/\/capc.com.pt\/site\/wp-content\/uploads\/2023\/05\/o-lugar-do-espectador-ana-perez-quiroga-15-min.jpg\"><img decoding=\"async\" loading=\"lazy\" width=\"1024\" height=\"680\" src=\"http:\/\/capc.com.pt\/site\/wp-content\/uploads\/2023\/05\/o-lugar-do-espectador-ana-perez-quiroga-15-min-1024x680.jpg\" alt=\"\" class=\"wp-image-4627\" srcset=\"http:\/\/capc.com.pt\/site\/wp-content\/uploads\/2023\/05\/o-lugar-do-espectador-ana-perez-quiroga-15-min-1024x680.jpg 1024w, http:\/\/capc.com.pt\/site\/wp-content\/uploads\/2023\/05\/o-lugar-do-espectador-ana-perez-quiroga-15-min-300x199.jpg 300w, http:\/\/capc.com.pt\/site\/wp-content\/uploads\/2023\/05\/o-lugar-do-espectador-ana-perez-quiroga-15-min-768x510.jpg 768w\" sizes=\"(max-width: 1024px) 100vw, 1024px\" \/><\/a><\/figure>\n\n\n\n<figure class=\"wp-block-image\"><img decoding=\"async\" loading=\"lazy\" width=\"1021\" height=\"678\" src=\"http:\/\/capc.com.pt\/site\/wp-content\/uploads\/2023\/05\/o-lugar-do-espectador-ana-perez-quiroga-17-1-min.jpg\" alt=\"\" class=\"wp-image-4629\" srcset=\"http:\/\/capc.com.pt\/site\/wp-content\/uploads\/2023\/05\/o-lugar-do-espectador-ana-perez-quiroga-17-1-min.jpg 1021w, http:\/\/capc.com.pt\/site\/wp-content\/uploads\/2023\/05\/o-lugar-do-espectador-ana-perez-quiroga-17-1-min-300x199.jpg 300w, http:\/\/capc.com.pt\/site\/wp-content\/uploads\/2023\/05\/o-lugar-do-espectador-ana-perez-quiroga-17-1-min-768x510.jpg 768w\" sizes=\"(max-width: 1021px) 100vw, 1021px\" \/><\/figure>\n\n\n\n<figure class=\"wp-block-image size-large\"><a href=\"http:\/\/capc.com.pt\/site\/wp-content\/uploads\/2023\/05\/o-lugar-do-espectador-Helena-Valsecchi-19-scaled.jpg\"><img decoding=\"async\" loading=\"lazy\" width=\"1024\" height=\"680\" src=\"http:\/\/capc.com.pt\/site\/wp-content\/uploads\/2023\/05\/o-lugar-do-espectador-Helena-Valsecchi-19-1024x680.jpg\" alt=\"\" class=\"wp-image-4824\" srcset=\"http:\/\/capc.com.pt\/site\/wp-content\/uploads\/2023\/05\/o-lugar-do-espectador-Helena-Valsecchi-19-1024x680.jpg 1024w, http:\/\/capc.com.pt\/site\/wp-content\/uploads\/2023\/05\/o-lugar-do-espectador-Helena-Valsecchi-19-300x199.jpg 300w, http:\/\/capc.com.pt\/site\/wp-content\/uploads\/2023\/05\/o-lugar-do-espectador-Helena-Valsecchi-19-768x510.jpg 768w, http:\/\/capc.com.pt\/site\/wp-content\/uploads\/2023\/05\/o-lugar-do-espectador-Helena-Valsecchi-19-1536x1020.jpg 1536w, http:\/\/capc.com.pt\/site\/wp-content\/uploads\/2023\/05\/o-lugar-do-espectador-Helena-Valsecchi-19-2048x1360.jpg 2048w\" sizes=\"(max-width: 1024px) 100vw, 1024px\" \/><\/a><\/figure>\n\n\n\n<figure class=\"wp-block-image size-large\"><a href=\"http:\/\/capc.com.pt\/site\/wp-content\/uploads\/2023\/05\/o-lugar-do-espectador-Helena-Valsecchi-20-scaled.jpg\"><img decoding=\"async\" loading=\"lazy\" width=\"1024\" height=\"680\" src=\"http:\/\/capc.com.pt\/site\/wp-content\/uploads\/2023\/05\/o-lugar-do-espectador-Helena-Valsecchi-20-1024x680.jpg\" alt=\"\" class=\"wp-image-4825\" srcset=\"http:\/\/capc.com.pt\/site\/wp-content\/uploads\/2023\/05\/o-lugar-do-espectador-Helena-Valsecchi-20-1024x680.jpg 1024w, http:\/\/capc.com.pt\/site\/wp-content\/uploads\/2023\/05\/o-lugar-do-espectador-Helena-Valsecchi-20-300x199.jpg 300w, http:\/\/capc.com.pt\/site\/wp-content\/uploads\/2023\/05\/o-lugar-do-espectador-Helena-Valsecchi-20-768x510.jpg 768w, http:\/\/capc.com.pt\/site\/wp-content\/uploads\/2023\/05\/o-lugar-do-espectador-Helena-Valsecchi-20-1536x1020.jpg 1536w, http:\/\/capc.com.pt\/site\/wp-content\/uploads\/2023\/05\/o-lugar-do-espectador-Helena-Valsecchi-20-2048x1360.jpg 2048w\" sizes=\"(max-width: 1024px) 100vw, 1024px\" \/><\/a><\/figure>\n\n\n\n<figure class=\"wp-block-image size-large\"><a href=\"http:\/\/capc.com.pt\/site\/wp-content\/uploads\/2023\/05\/o-lugar-do-espectador-Helena-Valsecchi-25-min.jpg\"><img decoding=\"async\" loading=\"lazy\" width=\"1024\" height=\"680\" src=\"http:\/\/capc.com.pt\/site\/wp-content\/uploads\/2023\/05\/o-lugar-do-espectador-Helena-Valsecchi-25-min-1024x680.jpg\" alt=\"\" class=\"wp-image-4624\" srcset=\"http:\/\/capc.com.pt\/site\/wp-content\/uploads\/2023\/05\/o-lugar-do-espectador-Helena-Valsecchi-25-min-1024x680.jpg 1024w, http:\/\/capc.com.pt\/site\/wp-content\/uploads\/2023\/05\/o-lugar-do-espectador-Helena-Valsecchi-25-min-300x199.jpg 300w, http:\/\/capc.com.pt\/site\/wp-content\/uploads\/2023\/05\/o-lugar-do-espectador-Helena-Valsecchi-25-min-768x510.jpg 768w\" sizes=\"(max-width: 1024px) 100vw, 1024px\" \/><\/a><\/figure>\n\n\n\n<p><\/p>\n","protected":false},"excerpt":{"rendered":"<p>Informamos que a exposi\u00e7\u00e3o estar\u00e1 encerrada de 1 de agosto a 4 de setembro. O&nbsp;Lugar&nbsp;do&nbsp;Espectador, enquanto projecto expositivo, prop\u00f5em-se como um encontro&nbsp;de dois percursos, a partir da obra de cada uma das artistas e da experi\u00eancia da&nbsp;paisagem desenhada pelo jardim que acolhe&nbsp;o&nbsp;espa\u00e7o&nbsp;constru\u00eddo. A arquitectura, que&nbsp;d\u00e1 corpo \u00e0s salas de exposi\u00e7\u00e3o, e&nbsp;o&nbsp;Jardim da Sereia s\u00e3o&nbsp;como contentores\/ecr\u00e3s [&hellip;]<\/p>\n","protected":false},"author":1,"featured_media":4652,"comment_status":"open","ping_status":"open","sticky":false,"template":"","format":"standard","meta":[],"categories":[2],"tags":[],"_links":{"self":[{"href":"http:\/\/capc.com.pt\/site\/index.php\/wp-json\/wp\/v2\/posts\/4596"}],"collection":[{"href":"http:\/\/capc.com.pt\/site\/index.php\/wp-json\/wp\/v2\/posts"}],"about":[{"href":"http:\/\/capc.com.pt\/site\/index.php\/wp-json\/wp\/v2\/types\/post"}],"author":[{"embeddable":true,"href":"http:\/\/capc.com.pt\/site\/index.php\/wp-json\/wp\/v2\/users\/1"}],"replies":[{"embeddable":true,"href":"http:\/\/capc.com.pt\/site\/index.php\/wp-json\/wp\/v2\/comments?post=4596"}],"version-history":[{"count":28,"href":"http:\/\/capc.com.pt\/site\/index.php\/wp-json\/wp\/v2\/posts\/4596\/revisions"}],"predecessor-version":[{"id":4827,"href":"http:\/\/capc.com.pt\/site\/index.php\/wp-json\/wp\/v2\/posts\/4596\/revisions\/4827"}],"wp:featuredmedia":[{"embeddable":true,"href":"http:\/\/capc.com.pt\/site\/index.php\/wp-json\/wp\/v2\/media\/4652"}],"wp:attachment":[{"href":"http:\/\/capc.com.pt\/site\/index.php\/wp-json\/wp\/v2\/media?parent=4596"}],"wp:term":[{"taxonomy":"category","embeddable":true,"href":"http:\/\/capc.com.pt\/site\/index.php\/wp-json\/wp\/v2\/categories?post=4596"},{"taxonomy":"post_tag","embeddable":true,"href":"http:\/\/capc.com.pt\/site\/index.php\/wp-json\/wp\/v2\/tags?post=4596"}],"curies":[{"name":"wp","href":"https:\/\/api.w.org\/{rel}","templated":true}]}}