{"id":4677,"date":"2023-06-07T16:56:33","date_gmt":"2023-06-07T16:56:33","guid":{"rendered":"http:\/\/capc.com.pt\/site\/?p=4677"},"modified":"2023-09-26T13:14:35","modified_gmt":"2023-09-26T13:14:35","slug":"open-call-o-meu-corpo-e-o-teu-corpo","status":"publish","type":"post","link":"http:\/\/capc.com.pt\/site\/index.php\/open-call-o-meu-corpo-e-o-teu-corpo\/","title":{"rendered":"OPEN CALL \u2013 O Meu Corpo \u00c9 o Teu Corpo"},"content":{"rendered":"\n<p>  <br>A partir da frase \u00abO Meu Corpo \u00c9 o Teu Corpo\u00bb, releitura de Rui \u00d3rf\u00e3o a partir da obra de Ernesto de Sousa, o C\u00edrculo de Artes Pl\u00e1sticas de Coimbra lan\u00e7a um desafio \u00e0 comunidade art\u00edstica, a partir do qual selecionar\u00e1 tr\u00eas projetos art\u00edsticos in\u00e9ditos que coexistir\u00e3o no CAPC Sede durante tr\u00eas meses.<\/p>\n\n\n\n<p>\u00abO Teu Corpo \u00c9 o Meu Corpo\u00bb \u00e9 uma designa\u00e7\u00e3o criada por Ernesto de Sousa para agrupar uma s\u00e9rie de a\u00e7\u00f5es, performances e exposi\u00e7\u00f5es. Este ciclo inclui produ\u00e7\u00e3o gr\u00e1fica, fotogr\u00e1fica e f\u00edlmica, textos po\u00e9ticos e obras mixed-media realizadas entre 1972 e 1988, entre as quais Luiz Vaz 73, Revolution My Body nr. 2, Tu Cuerpo Es Mi Cuerpo \/ Mi Cuerpo Es Tu Cuerpo, Identificaci\u00f3n Con Tu Cuerpo, Olympia, Tradi\u00e7\u00e3o como Aventura. [1]<\/p>\n\n\n\n<p>Ernesto de Sousa (Lisboa, 18 abril 1921 &#8211; 6 outubro 1988) foi uma das figuras mais complexas e activas do seu tempo, um prol\u00edfico artista multidisciplinar e um \u00e1vido promotor de sinergias entre gera\u00e7\u00f5es de artistas da primeira e da segunda metade do s\u00e9culo XX. Defensor de uma express\u00e3o art\u00edstica experimental e livre, dedicou-se ao estudo, divulga\u00e7\u00e3o e pr\u00e1tica das artes, como \u00e0 curadoria, cr\u00edtica e ensa\u00edstica, \u00e0 fotografia, ao cinema e ao teatro.<\/p>\n\n\n\n<p>Ao propor a celebra\u00e7\u00e3o do Anivers\u00e1rio da Arte de Robert Filliou (C\u00edrculo de Artes Pl\u00e1sticas de Coimbra, 1974), Ernesto de Sousa antecipou a Revolu\u00e7\u00e3o dos Cravos e contrariou a posi\u00e7\u00e3o perif\u00e9rica de Portugal na Europa. A exposi\u00e7\u00e3o &#8220;Alternativa Zero&#8221; (Galeria Nacional de Arte Moderna, Lisboa, 1977) sintetiza o seu projecto de cria\u00e7\u00e3o de uma vanguarda portuguesa em di\u00e1logo est\u00e9tico e ideol\u00f3gico com as suas cong\u00e9neres internacionais. [2]<\/p>\n\n\n\n<p>O CAPC Sede situa-se num conjunto de casas de renda, dos anos 1930 do s\u00e9culo XX, situado junto \u00e0 cota baixa das Escadas Monumentais, em Coimbra. O edif\u00edcio foi um espa\u00e7o fundador para a experi\u00eancia e para os m\u00faltiplos modos de ser que caracterizaram os cinquenta anos de vida do CAPC. Este \u00e9 o lugar f\u00edsico onde se domiciliou a antiguidade her\u00f3ica do CAPC. Originalmente concebido como resid\u00eancia de uma fam\u00edlia burguesa, este pr\u00e9dio transformou-se num laborat\u00f3rio art\u00edstico.<\/p>\n\n\n\n<p>A exposi\u00e7\u00e3o, que far\u00e1 parte da programa\u00e7\u00e3o oficial do CAPC, ter\u00e1 a dura\u00e7\u00e3o de tr\u00eas meses, sendo inaugurada no dia 7 de outubro, e terminando a 30 de dezembro.<\/p>\n\n\n\n<p>A participa\u00e7\u00e3o \u00e9 gratuita. Candidaturas at\u00e9 28 de julho.<\/p>\n\n\n\n<p>Os resultados ser\u00e3o comunicados ainda no m\u00eas de julho nas nossas redes.&nbsp;Ser\u00e1 atribu\u00eddo um<em> fee <\/em>de 500 <em>\u20ac<\/em> e um valor m\u00e1ximo de 1500 \u20ac para produ\u00e7\u00e3o de cada um dos tr\u00eas projetos.<br>  <\/p>\n\n\n\n<hr class=\"wp-block-separator has-css-opacity\"\/>\n\n\n\n<p class=\"has-small-font-size\">1 https:\/\/www.ernestodesousa.com\/projectos\/o-teu-corpo-e-o-meu-corpo<br>2 https:\/\/www.ernestodesousa.com\/biografia<\/p>\n\n\n\n<p>   <br>   <\/p>\n\n\n\n<h2 class=\"wp-block-heading\">Resultados   <\/h2>\n\n\n\n<hr class=\"wp-block-separator has-css-opacity\"\/>\n\n\n\n<p>O C\u00edrculo de Artes Pl\u00e1sticas de Coimbra congratula-se com a quantidade e qualidade das cerca de 60 propostas recebidas e analisadas nos \u00faltimos dias. A Open Call \u00abO Meu&nbsp;Corpo \u00e9 o Teu Corpo\u00bb contou com um j\u00fari constitu\u00eddo por Carlos Antunes, D\u00e9sir\u00e9e Pedro e Daniel Madeira, e ainda pela artista pl\u00e1stica e professora Gabriela Vaz-Pinheiro como&nbsp;curadora convidada. A gest\u00e3o da Open Call ficou a cargo de Lisiane Mutti.<\/p>\n\n\n\n<p>Tendo em conta a&nbsp;diversificada participa\u00e7\u00e3o,&nbsp;o elevado n\u00edvel art\u00edstico das propostas e os objetivos curatoriais, o CAPC,&nbsp;com a&nbsp;realiza\u00e7\u00e3o de ajustes no or\u00e7amento,&nbsp;conseguiu ampliar o n\u00famero de projetos selecionados,<br>passando a distinguir 6 propostas, que vir\u00e3o a compor a exposi\u00e7\u00e3o a ocupar o C\u00edrculo Sede entre outubro e dezembro do presente ano.<\/p>\n\n\n\n<p>As propostas selecionadas, em ordem alfab\u00e9tica:<\/p>\n\n\n\n<figure class=\"wp-block-image\"><img decoding=\"async\" loading=\"lazy\" width=\"1024\" height=\"590\" src=\"http:\/\/capc.com.pt\/site\/wp-content\/uploads\/2023\/06\/Open-Call-Resultados-min-1024x590.png\" alt=\"\" class=\"wp-image-4814\" srcset=\"http:\/\/capc.com.pt\/site\/wp-content\/uploads\/2023\/06\/Open-Call-Resultados-min-1024x590.png 1024w, http:\/\/capc.com.pt\/site\/wp-content\/uploads\/2023\/06\/Open-Call-Resultados-min-300x173.png 300w, http:\/\/capc.com.pt\/site\/wp-content\/uploads\/2023\/06\/Open-Call-Resultados-min-768x442.png 768w, http:\/\/capc.com.pt\/site\/wp-content\/uploads\/2023\/06\/Open-Call-Resultados-min.png 1913w\" sizes=\"(max-width: 1024px) 100vw, 1024px\" \/><\/figure>\n\n\n\n<p>   <br>   <\/p>\n\n\n\n<hr class=\"wp-block-separator has-css-opacity\"\/>\n\n\n\n<p><a href=\"https:\/\/forms.gle\/t5wGRz3ejfajdXd46\">Formul\u00e1rio de Inscri\u00e7\u00e3o<\/a><\/p>\n\n\n\n<div class=\"wp-block-file\"><a id=\"wp-block-file--media-c32ea258-c768-45ec-b8e6-73d6995eb586\" href=\"http:\/\/capc.com.pt\/site\/wp-content\/uploads\/2023\/06\/CAPC-Open-Call-Regulamento_prorrogada_28_julho.pdf\">CAPC-Open-Call-Regulamento_prorrogada_28_julho<\/a><a href=\"http:\/\/capc.com.pt\/site\/wp-content\/uploads\/2023\/06\/CAPC-Open-Call-Regulamento_prorrogada_28_julho.pdf\" class=\"wp-block-file__button wp-element-button\" download aria-describedby=\"wp-block-file--media-c32ea258-c768-45ec-b8e6-73d6995eb586\">Descarregar<\/a><\/div>\n\n\n\n<div class=\"wp-block-file\"><a id=\"wp-block-file--media-b3b7f815-378f-44b1-a4fb-decb08bb5164\" href=\"http:\/\/capc.com.pt\/site\/wp-content\/uploads\/2023\/06\/CAPC-Open-Call-Planta-Ci\u0301rculo-Sede.pdf\">CAPC-Open-Call-Planta-Ci\u0301rculo-Sede<\/a><a href=\"http:\/\/capc.com.pt\/site\/wp-content\/uploads\/2023\/06\/CAPC-Open-Call-Planta-Ci\u0301rculo-Sede.pdf\" class=\"wp-block-file__button wp-element-button\" download aria-describedby=\"wp-block-file--media-b3b7f815-378f-44b1-a4fb-decb08bb5164\">Descarregar<\/a><\/div>\n\n\n\n<div class=\"wp-block-file\"><a id=\"wp-block-file--media-7df0b91e-a4fe-4199-b860-bab2e2833903\" href=\"http:\/\/capc.com.pt\/site\/wp-content\/uploads\/2023\/06\/ANEXO-III-Modelo-de-Cronograma.xlsx\">ANEXO III &#8211; Modelo de Cronograma<\/a><a href=\"http:\/\/capc.com.pt\/site\/wp-content\/uploads\/2023\/06\/ANEXO-III-Modelo-de-Cronograma.xlsx\" class=\"wp-block-file__button wp-element-button\" download aria-describedby=\"wp-block-file--media-7df0b91e-a4fe-4199-b860-bab2e2833903\">Descarregar<\/a><\/div>\n\n\n\n<div class=\"wp-block-file\"><a id=\"wp-block-file--media-3c53ae47-165e-42a5-80d5-7eb3a2fd4de3\" href=\"http:\/\/capc.com.pt\/site\/wp-content\/uploads\/2023\/06\/ANEXO-II-Modelo-de-Orc\u0327amento.xlsx\">ANEXO II &#8211; Modelo de Orc\u0327amento<\/a><a href=\"http:\/\/capc.com.pt\/site\/wp-content\/uploads\/2023\/06\/ANEXO-II-Modelo-de-Orc\u0327amento.xlsx\" class=\"wp-block-file__button wp-element-button\" download aria-describedby=\"wp-block-file--media-3c53ae47-165e-42a5-80d5-7eb3a2fd4de3\">Descarregar<\/a><\/div>\n\n\n\n<div class=\"wp-block-file\"><a id=\"wp-block-file--media-ccc4ee2f-d516-4b0c-bd46-074ac396c912\" href=\"http:\/\/capc.com.pt\/site\/wp-content\/uploads\/2023\/06\/Dossier-CAPC-Sede.pdf\">Dossier CAPC Sede<\/a><a href=\"http:\/\/capc.com.pt\/site\/wp-content\/uploads\/2023\/06\/Dossier-CAPC-Sede.pdf\" class=\"wp-block-file__button wp-element-button\" download aria-describedby=\"wp-block-file--media-ccc4ee2f-d516-4b0c-bd46-074ac396c912\">Descarregar<\/a><\/div>\n","protected":false},"excerpt":{"rendered":"<p>A partir da frase \u00abO Meu Corpo \u00c9 o Teu Corpo\u00bb, releitura de Rui \u00d3rf\u00e3o a partir da obra de Ernesto de Sousa, o C\u00edrculo de Artes Pl\u00e1sticas de Coimbra lan\u00e7a um desafio \u00e0 comunidade art\u00edstica, a partir do qual selecionar\u00e1 tr\u00eas projetos art\u00edsticos in\u00e9ditos que coexistir\u00e3o no CAPC Sede durante tr\u00eas meses. \u00abO Teu [&hellip;]<\/p>\n","protected":false},"author":1,"featured_media":4843,"comment_status":"open","ping_status":"open","sticky":false,"template":"","format":"standard","meta":[],"categories":[2],"tags":[],"_links":{"self":[{"href":"http:\/\/capc.com.pt\/site\/index.php\/wp-json\/wp\/v2\/posts\/4677"}],"collection":[{"href":"http:\/\/capc.com.pt\/site\/index.php\/wp-json\/wp\/v2\/posts"}],"about":[{"href":"http:\/\/capc.com.pt\/site\/index.php\/wp-json\/wp\/v2\/types\/post"}],"author":[{"embeddable":true,"href":"http:\/\/capc.com.pt\/site\/index.php\/wp-json\/wp\/v2\/users\/1"}],"replies":[{"embeddable":true,"href":"http:\/\/capc.com.pt\/site\/index.php\/wp-json\/wp\/v2\/comments?post=4677"}],"version-history":[{"count":38,"href":"http:\/\/capc.com.pt\/site\/index.php\/wp-json\/wp\/v2\/posts\/4677\/revisions"}],"predecessor-version":[{"id":4845,"href":"http:\/\/capc.com.pt\/site\/index.php\/wp-json\/wp\/v2\/posts\/4677\/revisions\/4845"}],"wp:featuredmedia":[{"embeddable":true,"href":"http:\/\/capc.com.pt\/site\/index.php\/wp-json\/wp\/v2\/media\/4843"}],"wp:attachment":[{"href":"http:\/\/capc.com.pt\/site\/index.php\/wp-json\/wp\/v2\/media?parent=4677"}],"wp:term":[{"taxonomy":"category","embeddable":true,"href":"http:\/\/capc.com.pt\/site\/index.php\/wp-json\/wp\/v2\/categories?post=4677"},{"taxonomy":"post_tag","embeddable":true,"href":"http:\/\/capc.com.pt\/site\/index.php\/wp-json\/wp\/v2\/tags?post=4677"}],"curies":[{"name":"wp","href":"https:\/\/api.w.org\/{rel}","templated":true}]}}