{"id":5059,"date":"2024-10-22T14:28:16","date_gmt":"2024-10-22T14:28:16","guid":{"rendered":"http:\/\/capc.com.pt\/site\/?p=5059"},"modified":"2024-10-22T14:51:14","modified_gmt":"2024-10-22T14:51:14","slug":"e-urgente-destruir-certas-palavras-com-adrian-montenegro","status":"publish","type":"post","link":"http:\/\/capc.com.pt\/site\/index.php\/e-urgente-destruir-certas-palavras-com-adrian-montenegro\/","title":{"rendered":"\u00ab\u00c9 urgente destruir certas palavras\u00bb com Adri\u00e1n Montenegro"},"content":{"rendered":"\n<figure class=\"wp-block-image size-large\"><a href=\"http:\/\/capc.com.pt\/site\/wp-content\/uploads\/2024\/10\/04-E\u0301-urgente-destruir-certas-palavras-Cartaz-Visualizac\u0327a\u0303o.png\"><img decoding=\"async\" loading=\"lazy\" width=\"724\" height=\"1024\" src=\"http:\/\/capc.com.pt\/site\/wp-content\/uploads\/2024\/10\/04-E\u0301-urgente-destruir-certas-palavras-Cartaz-Visualizac\u0327a\u0303o-724x1024.png\" alt=\"\" class=\"wp-image-5060\" srcset=\"http:\/\/capc.com.pt\/site\/wp-content\/uploads\/2024\/10\/04-E\u0301-urgente-destruir-certas-palavras-Cartaz-Visualizac\u0327a\u0303o-724x1024.png 724w, http:\/\/capc.com.pt\/site\/wp-content\/uploads\/2024\/10\/04-E\u0301-urgente-destruir-certas-palavras-Cartaz-Visualizac\u0327a\u0303o-212x300.png 212w, http:\/\/capc.com.pt\/site\/wp-content\/uploads\/2024\/10\/04-E\u0301-urgente-destruir-certas-palavras-Cartaz-Visualizac\u0327a\u0303o-768x1086.png 768w, http:\/\/capc.com.pt\/site\/wp-content\/uploads\/2024\/10\/04-E\u0301-urgente-destruir-certas-palavras-Cartaz-Visualizac\u0327a\u0303o-1086x1536.png 1086w, http:\/\/capc.com.pt\/site\/wp-content\/uploads\/2024\/10\/04-E\u0301-urgente-destruir-certas-palavras-Cartaz-Visualizac\u0327a\u0303o-1448x2048.png 1448w\" sizes=\"(max-width: 724px) 100vw, 724px\" \/><\/a><\/figure>\n\n\n\n<p>  <br>Este espa\u00e7o de forma\u00e7\u00e3o multidisciplinar, de trocas te\u00f3ricas e pr\u00e1ticas entre o convidado e p\u00fablicos, \u00e9 desenvolvido a partir do tema \u00ab\u00c9 urgente destruir certas palavras\u00bb, fragmento do poema de Eug\u00e9nio de Andrade, de 1956. Iremos p\u00f4r em jogo a nossa intui\u00e7\u00e3o, a perce\u00e7\u00e3o e a maneira de atingir as palavras ante o desafio que o pensamento desperta. Realizaremos tr\u00eas exerc\u00edcios: som-po\u00e9tico-musical, escrita-gr\u00e1fica-com a boca e degusta\u00e7\u00e3o de palavras salgadas com piripiri.<\/p>\n\n\n\n<p>Adri\u00e1n Montenegro (Pasto, Col\u00f4mbia, 1986) \u00e9 mestre em Produ\u00e7\u00e3o Art\u00edstica e Pesquisa pela Universidade de Barcelona, p\u00f3s-graduado em Ilustra\u00e7\u00e3o Gr\u00e1fica pela Universidade de Vic e participa desde 1999 em eventos art\u00edsticos e acad\u00e9micos, como semin\u00e1rios, bienais, congressos, festivais, feiras, resid\u00eancias e exposi\u00e7\u00f5es, dentro e fora do seu pa\u00eds. Atualmente, gra\u00e7as ao apoio de comiss\u00f5es de estudos para a forma\u00e7\u00e3o de professores da Universidade de Nari\u00f1o, est\u00e1 a fazer o doutoramento em Arte Contempor\u00e2nea (2022\u20132024) na Universidade de Coimbra. \u00c9 professor de Artes Visuais na Universidade de Nari\u00f1o (Col\u00f4mbia).<\/p>\n\n\n\n<p>26\/10 (s\u00e1bado), 14h30\u201316h30<br>8 \u20ac (inclui materiais)<\/p>\n\n\n\n<p>\u2192 C\u00edrculo Sede<br>Rua Castro Matoso, 18<\/p>\n\n\n\n<p>Atividade inserida na exposi\u00e7\u00e3o coletiva \u00ab\u00c9 Urgente o Amor\u00bb no C\u00edrculo Sede.<\/p>\n\n\n\n<div class=\"wp-block-buttons is-layout-flex\">\n<div class=\"wp-block-button has-custom-width wp-block-button__width-25\"><a class=\"wp-block-button__link wp-element-button\" href=\"https:\/\/forms.gle\/1RZZVJXEPyaEJs416\"><strong><mark style=\"background-color:rgba(0, 0, 0, 0)\" class=\"has-inline-color has-white-color\">Inscri\u00e7\u00e3o<\/mark><\/strong><\/a><\/div>\n<\/div>\n","protected":false},"excerpt":{"rendered":"<p>Este espa\u00e7o de forma\u00e7\u00e3o multidisciplinar, de trocas te\u00f3ricas e pr\u00e1ticas entre o convidado e p\u00fablicos, \u00e9 desenvolvido a partir do tema \u00ab\u00c9 urgente destruir certas palavras\u00bb, fragmento do poema de Eug\u00e9nio de Andrade, de 1956. Iremos p\u00f4r em jogo a nossa intui\u00e7\u00e3o, a perce\u00e7\u00e3o e a maneira de atingir as palavras ante o desafio que [&hellip;]<\/p>\n","protected":false},"author":2,"featured_media":5061,"comment_status":"open","ping_status":"open","sticky":false,"template":"","format":"standard","meta":[],"categories":[169,182,117,45],"tags":[],"_links":{"self":[{"href":"http:\/\/capc.com.pt\/site\/index.php\/wp-json\/wp\/v2\/posts\/5059"}],"collection":[{"href":"http:\/\/capc.com.pt\/site\/index.php\/wp-json\/wp\/v2\/posts"}],"about":[{"href":"http:\/\/capc.com.pt\/site\/index.php\/wp-json\/wp\/v2\/types\/post"}],"author":[{"embeddable":true,"href":"http:\/\/capc.com.pt\/site\/index.php\/wp-json\/wp\/v2\/users\/2"}],"replies":[{"embeddable":true,"href":"http:\/\/capc.com.pt\/site\/index.php\/wp-json\/wp\/v2\/comments?post=5059"}],"version-history":[{"count":5,"href":"http:\/\/capc.com.pt\/site\/index.php\/wp-json\/wp\/v2\/posts\/5059\/revisions"}],"predecessor-version":[{"id":5079,"href":"http:\/\/capc.com.pt\/site\/index.php\/wp-json\/wp\/v2\/posts\/5059\/revisions\/5079"}],"wp:featuredmedia":[{"embeddable":true,"href":"http:\/\/capc.com.pt\/site\/index.php\/wp-json\/wp\/v2\/media\/5061"}],"wp:attachment":[{"href":"http:\/\/capc.com.pt\/site\/index.php\/wp-json\/wp\/v2\/media?parent=5059"}],"wp:term":[{"taxonomy":"category","embeddable":true,"href":"http:\/\/capc.com.pt\/site\/index.php\/wp-json\/wp\/v2\/categories?post=5059"},{"taxonomy":"post_tag","embeddable":true,"href":"http:\/\/capc.com.pt\/site\/index.php\/wp-json\/wp\/v2\/tags?post=5059"}],"curies":[{"name":"wp","href":"https:\/\/api.w.org\/{rel}","templated":true}]}}